{"id":16770,"date":"2021-06-21T14:11:44","date_gmt":"2021-06-21T19:11:44","guid":{"rendered":"https:\/\/nvnoticias.mx\/?p=16770"},"modified":"2021-06-21T14:11:45","modified_gmt":"2021-06-21T19:11:45","slug":"entrega-alcalde-fernando-yunes-marquez-mas-de-800-piezas-de-mobiliario-a-8-escuelas-del-municipio","status":"publish","type":"post","link":"https:\/\/nvnoticias.mx\/index.php\/2021\/06\/21\/entrega-alcalde-fernando-yunes-marquez-mas-de-800-piezas-de-mobiliario-a-8-escuelas-del-municipio\/","title":{"rendered":"Entrega Alcalde Fernando Yunes M\u00e1rquez m\u00e1s de 800 piezas de mobiliario a 8 escuelas del municipio"},"content":{"rendered":"\n<p>Veracruz, Ver.- El Presidente de Veracruz, Fernando Yunes M\u00e1rquez realiz\u00f3 la entrega de mobiliario a ocho jardines de ni\u00f1os pertenecientes al municipio de Veracruz, en beneficio de alrededor de 500 familias.<\/p>\n\n\n\n<p>Durante el evento en el m\u00f3dulo del DIF Ruiz Cortines, en la colonia Ruiz Cortines, el mun\u00edcipe se\u00f1al\u00f3 que desde principios de a\u00f1o el H. Ayuntamiento de Veracruz ha trabajado para darle mantenimiento a escuelas del municipio para estar listos cuando sea el regreso a clases presenciales.\u00a0<\/p>\n\n\n\n<blockquote class=\"wp-block-quote is-layout-flow wp-block-quote-is-layout-flow\"><p>\u201cPara que su regreso a clases sea lo m\u00e1s sencillo posible, que podamos brindarles esas facilidades\u201d, manifest\u00f3.<\/p><\/blockquote>\n\n\n\n<p>En esta ocasi\u00f3n, y de forma espec\u00edfica, se entreg\u00f3 \u00a0337 mesas preescolares, 449 sillas preescolares y 40 pizarrones, distribuidos entre los siguientes jardines de ni\u00f1os: Mar\u00eda Cortines viuda de Ruiz, Cadete Virgilio Uribe, Jos\u00e9 Azueta, Isabel Tiburcio de Leo, Nicandra de la O Nava, Benito Ju\u00e1rez Garc\u00eda, Bertha Von Glumer, Genoveva Cort\u00e9s Valladares y Mar\u00eda Dolores Flores Morales.<\/p>\n\n\n\n<blockquote class=\"wp-block-quote is-layout-flow wp-block-quote-is-layout-flow\"><p>\u201cEs importante ver que esto poco a poco se ha ido avanzando, y que poco a poco regresamos a la normalidad\u201d, indic\u00f3 el alcalde al recordar que se debe estar preparados para el regreso a clases y reiterar su compromiso de trabajar hasta el \u00faltimo d\u00eda de su administraci\u00f3n en uno de los\u00a0 temas m\u00e1s importantes para su administraci\u00f3n: la educaci\u00f3n.\u00a0 \u201cAs\u00ed lo vamos a hacer para recibir a los casi 3 mil ni\u00f1os que est\u00e1n a nuestro cargo. Para que nuestros ni\u00f1os y ni\u00f1as estudien en escuelas dignas y tengan oportunidad de acceder a lo m\u00e1s importante que es la educaci\u00f3n\u201d, puntualiz\u00f3.<\/p><\/blockquote>\n","protected":false},"excerpt":{"rendered":"<p>Veracruz, Ver.- El Presidente de Veracruz, Fernando Yunes M\u00e1rquez realiz\u00f3 la entrega de mobiliario a ocho jardines de ni\u00f1os pertenecientes al municipio de Veracruz, en beneficio de alrededor de 500 familias. Durante el evento en el m\u00f3dulo del DIF Ruiz Cortines, en la colonia Ruiz Cortines, el mun\u00edcipe se\u00f1al\u00f3 que desde principios de a\u00f1o el [&hellip;]<\/p>\n","protected":false},"author":7,"featured_media":16771,"comment_status":"open","ping_status":"open","sticky":false,"template":"","format":"standard","meta":{"_monsterinsights_skip_tracking":false,"_monsterinsights_sitenote_active":false,"_monsterinsights_sitenote_note":"","_monsterinsights_sitenote_category":0,"footnotes":""},"categories":[154],"tags":[1185,4568,4567,180],"class_list":["post-16770","post","type-post","status-publish","format-standard","has-post-thumbnail","hentry","category-veracruz","tag-fernando-yunes-marquez","tag-jardines-de-ninos","tag-mobiliario","tag-veracruz","wp-image-borders"],"amp_enabled":true,"_links":{"self":[{"href":"https:\/\/nvnoticias.mx\/index.php\/wp-json\/wp\/v2\/posts\/16770","targetHints":{"allow":["GET"]}}],"collection":[{"href":"https:\/\/nvnoticias.mx\/index.php\/wp-json\/wp\/v2\/posts"}],"about":[{"href":"https:\/\/nvnoticias.mx\/index.php\/wp-json\/wp\/v2\/types\/post"}],"author":[{"embeddable":true,"href":"https:\/\/nvnoticias.mx\/index.php\/wp-json\/wp\/v2\/users\/7"}],"replies":[{"embeddable":true,"href":"https:\/\/nvnoticias.mx\/index.php\/wp-json\/wp\/v2\/comments?post=16770"}],"version-history":[{"count":1,"href":"https:\/\/nvnoticias.mx\/index.php\/wp-json\/wp\/v2\/posts\/16770\/revisions"}],"predecessor-version":[{"id":16772,"href":"https:\/\/nvnoticias.mx\/index.php\/wp-json\/wp\/v2\/posts\/16770\/revisions\/16772"}],"wp:featuredmedia":[{"embeddable":true,"href":"https:\/\/nvnoticias.mx\/index.php\/wp-json\/wp\/v2\/media\/16771"}],"wp:attachment":[{"href":"https:\/\/nvnoticias.mx\/index.php\/wp-json\/wp\/v2\/media?parent=16770"}],"wp:term":[{"taxonomy":"category","embeddable":true,"href":"https:\/\/nvnoticias.mx\/index.php\/wp-json\/wp\/v2\/categories?post=16770"},{"taxonomy":"post_tag","embeddable":true,"href":"https:\/\/nvnoticias.mx\/index.php\/wp-json\/wp\/v2\/tags?post=16770"}],"curies":[{"name":"wp","href":"https:\/\/api.w.org\/{rel}","templated":true}]}}