{"id":167528,"date":"2024-12-18T10:23:54","date_gmt":"2024-12-18T16:23:54","guid":{"rendered":"https:\/\/nvnoticias.mx\/?p=167528"},"modified":"2024-12-18T10:23:56","modified_gmt":"2024-12-18T16:23:56","slug":"derechos-laborales-en-la-economia-formal-e-informal","status":"publish","type":"post","link":"https:\/\/nvnoticias.mx\/index.php\/2024\/12\/18\/derechos-laborales-en-la-economia-formal-e-informal\/","title":{"rendered":"Derechos laborales en la econom\u00eda formal e informal"},"content":{"rendered":"\n<p>Por <strong>Jos\u00e9 Luis Enr\u00edquez Ambell<\/strong><\/p>\n\n\n\n<p>Partiendo que existe una diferencia desde el enfoque de los derechos laborales entre los trabajadores formales e informales, y donde los primeros &#8211; formales &#8211; tienen acceso a un salario base, prestaciones de ley y adicionales, a la seguridad social, y algunos otros conceptos, y mientras que los segundos &#8211; informales &#8211; casi siempre carecen de los conceptos descritos, por supuesto: vacaciones y aguinaldo tampoco llegan.<\/p>\n\n\n\n<p>Y es que los trabajadores informales carecen de derechos y protecci\u00f3n de la ley, aunque podr\u00edan tener derecho a apartir de organizarse y hasta hacer uso de la v\u00eda p\u00fablica &#8211; derecho a la manifestaci\u00f3n &#8211; en busca de acceder a la seguridad social y prestaciones en lo posible.<\/p>\n\n\n\n<p>De acuerdo a informaci\u00f3n de INEGI el sector informal representa a casi la mitad de la fuerza laboral en M\u00e9xico. Aqu\u00ed basta un ejemplo coloquial. Si nos ubicamos en frente a la unidad m\u00e9dica del IMSS Xalapa (frente al deportivo ferrocarrilero), es posible que el total del universo laboral de ese inmueble de seguridad social, quienes forman la econom\u00eda informal en su entorno, son el 50% de personas que trabajan para el Instituto Mexicano del Seguro Social en esa cl\u00ednica 66.<\/p>\n\n\n\n<p>Por experiencia de trabajo, alguna vez un grupo de empresarios se quejaron que ante los operativos para intentar regularizar el comercio informal, sus empleados del comercio formal, ya no ten\u00edan a d\u00f3nde salir a desayunar o comer cerca de n\u00facleos de laborales, y les causaba ausencias prolongadas.<\/p>\n\n\n\n<p>El di\u00e1logo p\u00fablico legislativo, pol\u00edtico y hasta empresarial en torno a la Ley del Infonavit que se viene dando en los d\u00edas recientes ante la iniciativa de reforma propuesta por la Presidenta Claudia Sheinbaum, y que tiene el objetivo de establecer las bases para que el Instituto del Fondo Nacional de la&nbsp;Vivienda&nbsp;para los Trabajadores (Infonavit) pueda construir y ofrecer esquemas de arrendamiento social a sus afiliados, podr\u00eda incluso incluir al sector comercio informal, sin que eso ll\u00e9vese a causar da\u00f1os a quienes desde el comercio formal cotizan ante el instituto junto con sus patrones, y en un esquema donde el gobierno solo administra dinero no propio.<\/p>\n\n\n\n<p>Y es que los trabajadores informales podr\u00edan gozar de sus derechos, pero el Estado Mexicano tendr\u00eda que ver c\u00f3mo reconocer su existencia y crear los mecanismos legales necesarios para que puedan organizarse, por cu\u00e1nto hace a una vivienda.<\/p>\n\n\n\n<p>No ser\u00e1 f\u00e1cil, pero el di\u00e1logo serio y profundo entre las partes, evitar\u00eda las controversias que parece causar\u00edan los cambios a la gobernanza del organismo, pues est\u00e1n en riesgo los 2.4 billones de pesos en activos con los que cuenta la instituci\u00f3n y que ahora comanda Octavio Romero.<\/p>\n\n\n\n<p>En el nuevo esquema del Infonavit se podr\u00eda llegar a establecer que lleguen a convivir en unidades habitacionales empleados y trabajadores del sector formal e informal, pero legalmente no en una vecindad ciudadana nada m\u00e1s, pues en materia de vivienda estar\u00edan en similar estatus legal.<\/p>\n\n\n\n<p>DE SOBREMESA<\/p>\n\n\n\n<p>Las fiestas pol\u00edticas suelen convocar a invitados por inter\u00e9s, m\u00e1s que por los afectos entre las personas.<\/p>\n\n\n\n<p>La \u00e9poca por fiesta de cierre de a\u00f1o han causado en el pasado reciente algunos brotes de &#8220;esc\u00e1ndalo&#8221; y que han impactado en &#8220;injustificadas renuncias&#8221;, pero no vale la pena decir o contar los ejemplos en ese orden.<\/p>\n\n\n\n<p>Lo que s\u00ed valdr\u00eda la pena, es que los servidores p\u00fablicos de todo nivel jer\u00e1rquico, puedan evitar socializar con excesos eventos privados que luego llevan de la alegr\u00eda al sinsabor por cr\u00edticas medi\u00e1ticas que en nada favorecen a la convivencia y sobre todo, al bienestar de la \u00e9poca que nos convoca a darnos un abrazo y reiterar buenos deseos ante el devenir.<\/p>\n\n\n\n<p>UN CAF\u00c9 CON PIQUETE<\/p>\n\n\n\n<p>Tiempo del centro en M\u00e9xico (11:00 hrs., mi\u00e9rcoles 18 de diciembre), se disputar\u00e1 en Qatar el juego de f\u00fatbol entre el Club Pachuca contra el Real Madrid, en lo que ser\u00e1 la final de la Copa Intercontinental.<\/p>\n\n\n\n<p>Todos debemos reconocer que en la vitrina del f\u00fatbol para el mundo hoy es Pachuca quien nos representa en el terreno deportivo &#8211; independiente a los beneficios econ\u00f3micos para el equipo hidalguense &#8211; y es que el due\u00f1o de esa instituci\u00f3n futbol\u00edstica es Don Jes\u00fas Mart\u00ednez Pati\u00f1o, paisano de Papantla de Olarte, as\u00ed que Veracruz est\u00e1 en el medio oriente representado en esa competencia balomp\u00e9dica a trav\u00e9s del derecho de sangre.<\/p>\n\n\n\n<p>Quiz\u00e1 una de las franquicias de la Familia Mart\u00ednez Pati\u00f1o &#8211; tienen tambi\u00e9n al Le\u00f3n y equipos en Liga de Expansi\u00f3n &#8211; les podr\u00eda interesar mudarse al Pirata Fuente, pero los inversionistas locales ah\u00ed tienen la palabra. A ver qui\u00e9n dice yo.<\/p>\n\n\n\n<p>UN CAF\u00c9 CON DOBLE CARGA<\/p>\n\n\n\n<p>La Secretar\u00eda de Protecci\u00f3n Civil en el Estado emiti\u00f3 Aviso por&nbsp;Frente Fr\u00edo, viento del Norte y el aumento del Potencial de lluvias moderadas a fuertes con algunas tormentas. As\u00ed que, todos a tomar providencias y el cuidado de la salud integral.<\/p>\n\n\n\n<p>\u00a1ES CUANTO!<\/p>\n\n\n\n<p>enriquezambell@gmail.com;<br>enamjl62@gmail.com<\/p>\n","protected":false},"excerpt":{"rendered":"<p>Por Jos\u00e9 Luis Enr\u00edquez Ambell Partiendo que existe una diferencia desde el enfoque de los derechos laborales entre los trabajadores formales e informales, y donde los primeros &#8211; formales &#8211; tienen acceso a un salario base, prestaciones de ley y adicionales, a la seguridad social, y algunos otros conceptos, y mientras que los segundos &#8211; [&hellip;]<\/p>\n","protected":false},"author":46,"featured_media":85190,"comment_status":"open","ping_status":"open","sticky":false,"template":"","format":"standard","meta":{"_monsterinsights_skip_tracking":false,"_monsterinsights_sitenote_active":false,"_monsterinsights_sitenote_note":"","_monsterinsights_sitenote_category":0,"footnotes":""},"categories":[18007],"tags":[],"class_list":["post-167528","post","type-post","status-publish","format-standard","has-post-thumbnail","hentry","category-cafe-de-manana","wp-image-borders"],"amp_enabled":true,"_links":{"self":[{"href":"https:\/\/nvnoticias.mx\/index.php\/wp-json\/wp\/v2\/posts\/167528","targetHints":{"allow":["GET"]}}],"collection":[{"href":"https:\/\/nvnoticias.mx\/index.php\/wp-json\/wp\/v2\/posts"}],"about":[{"href":"https:\/\/nvnoticias.mx\/index.php\/wp-json\/wp\/v2\/types\/post"}],"author":[{"embeddable":true,"href":"https:\/\/nvnoticias.mx\/index.php\/wp-json\/wp\/v2\/users\/46"}],"replies":[{"embeddable":true,"href":"https:\/\/nvnoticias.mx\/index.php\/wp-json\/wp\/v2\/comments?post=167528"}],"version-history":[{"count":1,"href":"https:\/\/nvnoticias.mx\/index.php\/wp-json\/wp\/v2\/posts\/167528\/revisions"}],"predecessor-version":[{"id":167529,"href":"https:\/\/nvnoticias.mx\/index.php\/wp-json\/wp\/v2\/posts\/167528\/revisions\/167529"}],"wp:featuredmedia":[{"embeddable":true,"href":"https:\/\/nvnoticias.mx\/index.php\/wp-json\/wp\/v2\/media\/85190"}],"wp:attachment":[{"href":"https:\/\/nvnoticias.mx\/index.php\/wp-json\/wp\/v2\/media?parent=167528"}],"wp:term":[{"taxonomy":"category","embeddable":true,"href":"https:\/\/nvnoticias.mx\/index.php\/wp-json\/wp\/v2\/categories?post=167528"},{"taxonomy":"post_tag","embeddable":true,"href":"https:\/\/nvnoticias.mx\/index.php\/wp-json\/wp\/v2\/tags?post=167528"}],"curies":[{"name":"wp","href":"https:\/\/api.w.org\/{rel}","templated":true}]}}