{"id":167433,"date":"2024-12-16T13:28:54","date_gmt":"2024-12-16T19:28:54","guid":{"rendered":"https:\/\/nvnoticias.mx\/?p=167433"},"modified":"2024-12-16T13:28:56","modified_gmt":"2024-12-16T19:28:56","slug":"karla-sofia-gascon-defiende-actuacion-de-selena-gomez","status":"publish","type":"post","link":"https:\/\/nvnoticias.mx\/index.php\/2024\/12\/16\/karla-sofia-gascon-defiende-actuacion-de-selena-gomez\/","title":{"rendered":"Karla Sof\u00eda Gasc\u00f3n defiende actuaci\u00f3n de Selena Gomez"},"content":{"rendered":"\n<p>En una reciente entrevista con CNN en Espa\u00f1ol,\u00a0Karla Sof\u00eda Gasc\u00f3n,\u00a0protagonista de \u2018Emilia Perez\u2019, sali\u00f3 en defensa de su compa\u00f1era Selena Gomez tras los comentarios que hizo Derbez en el podcast \u2018Hablando de cine con\u2019, conducido por Gaby Meza.<\/p>\n\n\n\n<p>Todo comenz\u00f3 cuando Eugenio Derbez describi\u00f3 como \u201cindefendible\u201d la actuaci\u00f3n de Gomez. Despu\u00e9s de que se viraliz\u00f3 un fragmento de dicha entrevista, el actor mexicano pidi\u00f3 disculpas, asegurando que no quiso menospreciar su desempe\u00f1o.<\/p>\n\n\n\n<p>Gasc\u00f3n no solo respald\u00f3 el desempe\u00f1o de su compa\u00f1era, tambi\u00e9n cuestion\u00f3 la actitud de Derbez, destacando que cada artista tiene su derecho a expresar su opini\u00f3n, pero insisti\u00f3 en la falta de congruencia.<\/p>\n\n\n\n<blockquote class=\"wp-block-quote is-layout-flow wp-block-quote-is-layout-flow\">\n<p>\u201cLo que no me gusta de la banda es cuando dice una cosa y luego (hace) la contraria al mismo tiempo. Si has dicho algo ll\u00e9valo hasta el final. Si has metido la pata, est\u00e1 bien que pidas perd\u00f3n, pero si es tu opini\u00f3n y a ti te parece que es correcta, \u00bfqui\u00e9n te impide expresar tu opini\u00f3n? A ti no te ha gustao, \u00bfle tiene que gustar a todo el mundo lo que haces?\u201d, precis\u00f3.<\/p>\n<\/blockquote>\n\n\n\n<p>Adem\u00e1s de sus declaraciones en la entrevista, Gasc\u00f3n utiliz\u00f3 sus redes sociales para enviar un mensaje de apoyo a Selena Gomez.<\/p>\n\n\n\n<blockquote class=\"wp-block-quote is-layout-flow wp-block-quote-is-layout-flow\">\n<p>&#8220;Te quiero, no hagas caso a comentarios negativos, est\u00e1s perfecta&#8221;, escribi\u00f3 Gasc\u00f3n, gesto que fue ampliamente aplaudido por los seguidores de Gomez.<\/p>\n<\/blockquote>\n\n\n\n<p><br>En entrevistas anteriores, la actriz espa\u00f1ola comparti\u00f3 c\u00f3mo fue trabajar con Selena Gomez en esta pel\u00edcula que se convirti\u00f3 en la m\u00e1s nominada de los Golden Globes 2025.<\/p>\n\n\n\n<blockquote class=\"wp-block-quote is-layout-flow wp-block-quote-is-layout-flow\">\n<p>\u201dSelena no es ninguna diva pop. Es la ni\u00f1a m\u00e1s normal del mundo. Cuando la conoces, solo quieres abrazarla (&#8230;) Me gust\u00f3 mucho trabajar con ella porque es de esas actrices que escucha y se concentra en lo que sucede en escena. No solo piensa en sus l\u00edneas, sino en el conjunto\u201d, precis\u00f3.<\/p>\n<\/blockquote>\n\n\n\n<p><br>La pel\u00edcula &#8216;Emilia Perez&#8217; se estrena en M\u00e9xico el pr\u00f3ximo 23 de Enero de 2025. <\/p>\n","protected":false},"excerpt":{"rendered":"<p>En una reciente entrevista con CNN en Espa\u00f1ol,\u00a0Karla Sof\u00eda Gasc\u00f3n,\u00a0protagonista de \u2018Emilia Perez\u2019, sali\u00f3 en defensa de su compa\u00f1era Selena Gomez tras los comentarios que hizo Derbez en el podcast \u2018Hablando de cine con\u2019, conducido por Gaby Meza. Todo comenz\u00f3 cuando Eugenio Derbez describi\u00f3 como \u201cindefendible\u201d la actuaci\u00f3n de Gomez. Despu\u00e9s de que se viraliz\u00f3 [&hellip;]<\/p>\n","protected":false},"author":35,"featured_media":167434,"comment_status":"open","ping_status":"open","sticky":false,"template":"","format":"standard","meta":{"_monsterinsights_skip_tracking":false,"_monsterinsights_sitenote_active":false,"_monsterinsights_sitenote_note":"","_monsterinsights_sitenote_category":0,"footnotes":""},"categories":[576],"tags":[31368,126],"class_list":["post-167433","post","type-post","status-publish","format-standard","has-post-thumbnail","hentry","category-ocio","tag-karla-sofia-gascon","tag-selena-gomez","wp-image-borders"],"amp_enabled":true,"_links":{"self":[{"href":"https:\/\/nvnoticias.mx\/index.php\/wp-json\/wp\/v2\/posts\/167433","targetHints":{"allow":["GET"]}}],"collection":[{"href":"https:\/\/nvnoticias.mx\/index.php\/wp-json\/wp\/v2\/posts"}],"about":[{"href":"https:\/\/nvnoticias.mx\/index.php\/wp-json\/wp\/v2\/types\/post"}],"author":[{"embeddable":true,"href":"https:\/\/nvnoticias.mx\/index.php\/wp-json\/wp\/v2\/users\/35"}],"replies":[{"embeddable":true,"href":"https:\/\/nvnoticias.mx\/index.php\/wp-json\/wp\/v2\/comments?post=167433"}],"version-history":[{"count":1,"href":"https:\/\/nvnoticias.mx\/index.php\/wp-json\/wp\/v2\/posts\/167433\/revisions"}],"predecessor-version":[{"id":167435,"href":"https:\/\/nvnoticias.mx\/index.php\/wp-json\/wp\/v2\/posts\/167433\/revisions\/167435"}],"wp:featuredmedia":[{"embeddable":true,"href":"https:\/\/nvnoticias.mx\/index.php\/wp-json\/wp\/v2\/media\/167434"}],"wp:attachment":[{"href":"https:\/\/nvnoticias.mx\/index.php\/wp-json\/wp\/v2\/media?parent=167433"}],"wp:term":[{"taxonomy":"category","embeddable":true,"href":"https:\/\/nvnoticias.mx\/index.php\/wp-json\/wp\/v2\/categories?post=167433"},{"taxonomy":"post_tag","embeddable":true,"href":"https:\/\/nvnoticias.mx\/index.php\/wp-json\/wp\/v2\/tags?post=167433"}],"curies":[{"name":"wp","href":"https:\/\/api.w.org\/{rel}","templated":true}]}}