{"id":167312,"date":"2024-12-14T16:29:30","date_gmt":"2024-12-14T22:29:30","guid":{"rendered":"https:\/\/nvnoticias.mx\/?p=167312"},"modified":"2024-12-14T16:29:31","modified_gmt":"2024-12-14T22:29:31","slug":"sheinbaum-pide-a-funcionarios-no-usar-recursos-del-pueblo-para-otra-cosas","status":"publish","type":"post","link":"https:\/\/nvnoticias.mx\/index.php\/2024\/12\/14\/sheinbaum-pide-a-funcionarios-no-usar-recursos-del-pueblo-para-otra-cosas\/","title":{"rendered":"Sheinbaum pide a funcionarios no usar recursos del pueblo para otra cosas"},"content":{"rendered":"\n<p><\/p>\n\n\n\n<p>La presidenta Claudia Sheinbaum llam\u00f3 a los funcionarios p\u00fablicos de su gabinete a \u201cnada de lujos y parafernalias\u201d, y a que no utilicen los recursos del pueblo para otras cosas diferentes a los que fueron destinados.<\/p>\n\n\n\n<p>Esto, luego del esc\u00e1ndalo por el uso del Museo Nacional de Arte (Munal), por parte de Mart\u00edn Alonso Borrego Llorente, quien fuera jefe de oficina de la Secretar\u00eda de Relaciones Exteriores (SRE), con la canciller Alicia B\u00e1rcena.<\/p>\n\n\n\n<p>El entonces colaborador de la actual secretaria de Medio Ambiente y Recursos Naturales (Semarnat) us\u00f3 el inmueble como fachada para celebrar una boda privada con Ionut V\u00e2lcu, miembro de la embajada de Ruman\u00eda en M\u00e9xico.<\/p>\n\n\n\n<p>El evento se llev\u00f3 a cabo el pasado mes de octubre, e incluy\u00f3 m\u00e1s de 70 invitados, arreglos florales y un banquete, hecho que desat\u00f3 cr\u00edticas en redes sociales.<\/p>\n\n\n\n<p>Este s\u00e1bado, Sheinbaum Pardo se\u00f1al\u00f3 que los gobernadores, gobernadoras, presidentes municipales, diputados y senadores deben de vivir en la justa median\u00eda siguiendo el ejemplo de Benito Ju\u00e1rez.\u201cJusta median\u00eda. <\/p>\n\n\n\n<p>Ese es un principio juarista de Benito Ju\u00e1rez. Nada de lujos y parafernalias que utilicen los recursos del pueblo para otras cosas\u201d, enfatiz\u00f3 la titular del Ejecutivo federal.<\/p>\n\n\n\n<p>\u201cEl gobernante, el diputado, el senador, el presidente municipal, el gobernador, la gobernadora deben vivir en la justa median\u00eda y los recursos del pueblo son del pueblo de M\u00e9xico. Pero no son para usarse para ninguna otra cosa\u201d, abund\u00f3 la mandataria mexicana.<\/p>\n","protected":false},"excerpt":{"rendered":"<p>La presidenta Claudia Sheinbaum llam\u00f3 a los funcionarios p\u00fablicos de su gabinete a \u201cnada de lujos y parafernalias\u201d, y a que no utilicen los recursos del pueblo para otras cosas diferentes a los que fueron destinados. Esto, luego del esc\u00e1ndalo por el uso del Museo Nacional de Arte (Munal), por parte de Mart\u00edn Alonso Borrego [&hellip;]<\/p>\n","protected":false},"author":8,"featured_media":166522,"comment_status":"open","ping_status":"open","sticky":false,"template":"","format":"standard","meta":{"_monsterinsights_skip_tracking":false,"_monsterinsights_sitenote_active":false,"_monsterinsights_sitenote_note":"","_monsterinsights_sitenote_category":0,"footnotes":""},"categories":[157],"tags":[2801],"class_list":["post-167312","post","type-post","status-publish","format-standard","has-post-thumbnail","hentry","category-nacional","tag-claudia-sheinbaum","wp-image-borders"],"amp_enabled":true,"_links":{"self":[{"href":"https:\/\/nvnoticias.mx\/index.php\/wp-json\/wp\/v2\/posts\/167312","targetHints":{"allow":["GET"]}}],"collection":[{"href":"https:\/\/nvnoticias.mx\/index.php\/wp-json\/wp\/v2\/posts"}],"about":[{"href":"https:\/\/nvnoticias.mx\/index.php\/wp-json\/wp\/v2\/types\/post"}],"author":[{"embeddable":true,"href":"https:\/\/nvnoticias.mx\/index.php\/wp-json\/wp\/v2\/users\/8"}],"replies":[{"embeddable":true,"href":"https:\/\/nvnoticias.mx\/index.php\/wp-json\/wp\/v2\/comments?post=167312"}],"version-history":[{"count":1,"href":"https:\/\/nvnoticias.mx\/index.php\/wp-json\/wp\/v2\/posts\/167312\/revisions"}],"predecessor-version":[{"id":167313,"href":"https:\/\/nvnoticias.mx\/index.php\/wp-json\/wp\/v2\/posts\/167312\/revisions\/167313"}],"wp:featuredmedia":[{"embeddable":true,"href":"https:\/\/nvnoticias.mx\/index.php\/wp-json\/wp\/v2\/media\/166522"}],"wp:attachment":[{"href":"https:\/\/nvnoticias.mx\/index.php\/wp-json\/wp\/v2\/media?parent=167312"}],"wp:term":[{"taxonomy":"category","embeddable":true,"href":"https:\/\/nvnoticias.mx\/index.php\/wp-json\/wp\/v2\/categories?post=167312"},{"taxonomy":"post_tag","embeddable":true,"href":"https:\/\/nvnoticias.mx\/index.php\/wp-json\/wp\/v2\/tags?post=167312"}],"curies":[{"name":"wp","href":"https:\/\/api.w.org\/{rel}","templated":true}]}}