{"id":167287,"date":"2024-12-14T08:26:05","date_gmt":"2024-12-14T14:26:05","guid":{"rendered":"https:\/\/nvnoticias.mx\/?p=167287"},"modified":"2024-12-14T08:26:07","modified_gmt":"2024-12-14T14:26:07","slug":"el-war-room-de-nahle","status":"publish","type":"post","link":"https:\/\/nvnoticias.mx\/index.php\/2024\/12\/14\/el-war-room-de-nahle\/","title":{"rendered":"El &#8220;WAR ROOM&#8221; de Nahle"},"content":{"rendered":"\n<p><\/p>\n\n\n\n<p><strong>Ricardo Chua<\/strong><\/p>\n\n\n\n<p>Mucho cuidado debe tener el &#8220;Cuarto de Guerra&#8221; de la gobernadora Roc\u00edo Nahle Garc\u00eda, ya que despu\u00e9s del crimen el pasado lunes del diputado federal del PVEM, en Zongolica, Benito Aguas, muchos actores pol\u00edticos y sociales hasta del movimiento de la 4T.. Se van a querer ir y se le fueron al &#8220;cuello&#8221;.. As\u00ed que ah\u00ed en su &#8220;War Room&#8221; deben de estar conscientes lo importante que son en la toma de decisiones.. As\u00ed lo entienden algunos, no todos.. M\u00e1s en un caso como el de este crimen..<\/p>\n\n\n\n<p>En redes sociales, se leen comentarios muy duros sobre este magnicidio en Veracruz (Que es el asesinato de un pol\u00edtico en el poder, tal como paso con Luis Donaldo Colosio en 1994 en LomasTaurinas), Benito Aguas era uno de los principales operadores de la 4T en la sierra de la Zongolica.. Sobre todo del PVEM, amigo de Javier Herrera Borunda,. Se le conoc\u00eda como un tipo disciplinado para su partido y un pol\u00edtico querido en esa regi\u00f3n.. Y por eso temen que este crimen, se vuelva un caos pol\u00edtico y social para la tranquilidad de la zona..<\/p>\n\n\n\n<p>All\u00e1 en Palacio de Gobierno saben que esta clase de &#8220;coletazos&#8221; ser\u00e1n comunes, m\u00e1s en zonas donde los grupos fuera de la ley se sienten intocables.. Hay entes que quieren descomponer todo y aprovechan esta coyuntura para tratar de debilitar a Roc\u00edo Nahle como gobernadora.. Por eso, a ella le urgen personas que le digan las cosas y que a sus asesores o miembros de su &#8220;War Room&#8221; no les gane el miedo, si les levanta la voz.. Ya que si no la ayudan en la toma de decisiones, de entrada le dar\u00e1n la imagen de una gobernadora vulnerable..<\/p>\n\n\n\n<p>Ya que al asesinato en Veracruz de un pol\u00edtico en funciones, es un tema muy delicado que tendr\u00e1n que resolver.. Su &#8220;War Room&#8221; no debe olvidar.. Que el diputado acribillado lleg\u00f3 a la c\u00e1mara federal v\u00eda los &#8220;Verdes&#8221;.. Y el PVEM es del equipo de la 4T.. Pero &#8220;no son del mismo barro y no es lo mismo ser bac\u00edn que jarro&#8221;.. Ellos van a &#8220;apretar&#8221; a la Fiscal\u00eda de Veracruz para que se &#8220;aceleren&#8221; en las investigaciones y el tema de Benito Aguas, quede resuelto.. Pero en ese trance tambi\u00e9n pueden afectar al nuevo gobierno del Estado..<\/p>\n\n\n\n<p>Por eso, en la reuni\u00f3n de la Presidenta de M\u00e9xico, Claudia Sheinbaum con los gobernadores del pa\u00eds en Guerrero para ver los temas de seguridad.. Roc\u00edo Nahle lleg\u00f3 con firmeza y contundencia reconociendo lo que Sheinbaum ya sab\u00eda de Veracruz.. As\u00ed que mientras los que se fueron del gobierno de Cuitl\u00e1huac Garc\u00eda, se &#8220;sobaban&#8221; las manos para desearle un mal augurio a la gobernadora por el magnicidio del diputado federal del PVEM, pues, al parecer, no se les hizo porque ella recibi\u00f3 el respaldo de la mandataria nacional..<\/p>\n\n\n\n<p>As\u00ed que por m\u00e1s que trataron que ese crimen &#8220;empa\u00f1ara&#8221; con un presunto mal arranque de su administraci\u00f3n.. Nahle sabedora que todo esto sucede porque es una &#8220;herencia&#8221; de Cuitl\u00e1huac, su mal gobierno, manipulaci\u00f3n y de como dejaron mal parado el tema de la seguridad y la administraci\u00f3n de justicia con un gobernador, que nunca supo que pas\u00f3 por 6 a\u00f1os.. Sabe que estos temas le impactan como muchos otros m\u00e1s que pueden pasar.. Pero en Palacio Nacional tienen la informaci\u00f3n qui\u00e9n es el responsable de que Veracruz est\u00e9 as\u00ed..<\/p>\n\n\n\n<p>Al final de cuentas, Nahle est\u00e1 reconociendo tanto en p\u00fablico y privado, que esto y muchas cosas m\u00e1s, son parte de la &#8220;herencia&#8221; y abandono que tuvo Veracruz del gobierno anterior.. Pero saben que estos hechos de inseguridad impactan de manera pol\u00edtica, m\u00e1s que nada a la 4T.. Por un gobernador que acaba de dejar el poder, pero se la pas\u00f3 en la danza y en los bailes.. Pens\u00f3 que par\u00e1ndose a tomar las fotograf\u00edas todas las ma\u00f1anas en la mesa de seguridad p\u00fablica con eso estaba garantizada la tranquilidad de los veracruzanos.. Pero no fue as\u00ed..<\/p>\n\n\n\n<p>Cuitl\u00e1huac Garc\u00eda nunca se imagin\u00f3 como iba a dejar su administraci\u00f3n al Estado en materia de inseguridad.. Y poco le import\u00f3 garantizar la seguridad todos los d\u00edas en Veracruz.. Reforz\u00e1ndola, haciendo estrategias y trabajo de inteligencia, capacitando la formaci\u00f3n de sus elementos y trabajando con los 3 \u00f3rdenes de gobierno.. Hoy Roc\u00edo Nahle tendr\u00e1 que demostrar su temple para esmerarse y dar resultados en esa materia para levantar todo ese &#8220;tiradero&#8221; que le dejaron en Veracruz..<\/p>\n\n\n\n<p>Pero adem\u00e1s es otro reto peor para la Fiscal\u00eda General de Veracruz.. Ya que tendr\u00e1 que esclarecer este asesinato ya con la nueva gobernadora.. Ya que si trataron de &#8220;empa\u00f1ar&#8221; su administraci\u00f3n con este caso de Benito Aguas.. Pues ahora es un nuevo reto para Ver\u00f3nica Hern\u00e1ndez que como Fiscal, tendr\u00e1 que dar resultados muy pronto porque es un problema pol\u00edtico que no s\u00f3lo enfrenta Roc\u00edo Nahle sino la propia Claudia Shienbaum como los principales activos pol\u00edticos de MORENA del pa\u00eds y en Veracruz..<\/p>\n","protected":false},"excerpt":{"rendered":"<p>Ricardo Chua Mucho cuidado debe tener el &#8220;Cuarto de Guerra&#8221; de la gobernadora Roc\u00edo Nahle Garc\u00eda, ya que despu\u00e9s del crimen el pasado lunes del diputado federal del PVEM, en Zongolica, Benito Aguas, muchos actores pol\u00edticos y sociales hasta del movimiento de la 4T.. Se van a querer ir y se le fueron al &#8220;cuello&#8221;.. [&hellip;]<\/p>\n","protected":false},"author":29,"featured_media":167288,"comment_status":"open","ping_status":"open","sticky":false,"template":"","format":"standard","meta":{"_monsterinsights_skip_tracking":false,"_monsterinsights_sitenote_active":false,"_monsterinsights_sitenote_note":"","_monsterinsights_sitenote_category":0,"footnotes":""},"categories":[245],"tags":[327],"class_list":["post-167287","post","type-post","status-publish","format-standard","has-post-thumbnail","hentry","category-dialogos-de-poder","tag-ricardo-chua","wp-image-borders"],"amp_enabled":true,"_links":{"self":[{"href":"https:\/\/nvnoticias.mx\/index.php\/wp-json\/wp\/v2\/posts\/167287","targetHints":{"allow":["GET"]}}],"collection":[{"href":"https:\/\/nvnoticias.mx\/index.php\/wp-json\/wp\/v2\/posts"}],"about":[{"href":"https:\/\/nvnoticias.mx\/index.php\/wp-json\/wp\/v2\/types\/post"}],"author":[{"embeddable":true,"href":"https:\/\/nvnoticias.mx\/index.php\/wp-json\/wp\/v2\/users\/29"}],"replies":[{"embeddable":true,"href":"https:\/\/nvnoticias.mx\/index.php\/wp-json\/wp\/v2\/comments?post=167287"}],"version-history":[{"count":1,"href":"https:\/\/nvnoticias.mx\/index.php\/wp-json\/wp\/v2\/posts\/167287\/revisions"}],"predecessor-version":[{"id":167289,"href":"https:\/\/nvnoticias.mx\/index.php\/wp-json\/wp\/v2\/posts\/167287\/revisions\/167289"}],"wp:featuredmedia":[{"embeddable":true,"href":"https:\/\/nvnoticias.mx\/index.php\/wp-json\/wp\/v2\/media\/167288"}],"wp:attachment":[{"href":"https:\/\/nvnoticias.mx\/index.php\/wp-json\/wp\/v2\/media?parent=167287"}],"wp:term":[{"taxonomy":"category","embeddable":true,"href":"https:\/\/nvnoticias.mx\/index.php\/wp-json\/wp\/v2\/categories?post=167287"},{"taxonomy":"post_tag","embeddable":true,"href":"https:\/\/nvnoticias.mx\/index.php\/wp-json\/wp\/v2\/tags?post=167287"}],"curies":[{"name":"wp","href":"https:\/\/api.w.org\/{rel}","templated":true}]}}