{"id":167264,"date":"2024-12-13T12:37:54","date_gmt":"2024-12-13T18:37:54","guid":{"rendered":"https:\/\/nvnoticias.mx\/?p=167264"},"modified":"2024-12-13T12:37:56","modified_gmt":"2024-12-13T18:37:56","slug":"bloquean-20-de-noviembre-para-exigir-luz","status":"publish","type":"post","link":"https:\/\/nvnoticias.mx\/index.php\/2024\/12\/13\/bloquean-20-de-noviembre-para-exigir-luz\/","title":{"rendered":"Bloquean 20 de Noviembre para exigir luz"},"content":{"rendered":"\n<p><\/p>\n\n\n\n<p><strong>Jes\u00fas Utrilla \/ NV Noticias<\/strong><\/p>\n\n\n\n<p>Por falta de energ\u00eda el\u00e9ctrica usuarios de la Comisi\u00f3n Federal de Electricidad  bloquearon la avenida 20 de noviembre. <\/p>\n\n\n\n<p>Se\u00f1alaron que desde el mi\u00e9rcoles a las 11 de la ma\u00f1ana se quedaron sin el suministro el\u00e9ctrico.  <\/p>\n\n\n\n<p>La se\u00f1ora Susana dijo que se quedaron en el servicio en Abasolo entre Prim y 20 de Noviembre; tambi\u00e9n e n 20 de Noviembre y Ca\u00f1onero Tampico. <\/p>\n\n\n\n<p>Acusaron que, a pesar de los m\u00faltiples reportes ante la paraestatal, no les resuelven la situaci\u00f3n, por lo que decidieron unirse y manifestarse, bloqueando la vialidad.<\/p>\n\n\n\n<p>\u201cSon todas esas cuadras que no tienen luz y ellos llevan d\u00edas sin luz que nosotros. En nuestra cuadra un cable qued\u00f3 colgando y reportamos y nada. Dicen que han venido pero que no hab\u00eda espacio para pararse y que por eso no lo han atendido y que van a venir en 4 horas pero nadie llega\u201d.<\/p>\n\n\n\n<p>Los vecinos se\u00f1alaron que necesitan el suministro de energ\u00eda el\u00e9ctrica porque tienen adultos mayores en casa. <\/p>\n\n\n\n<p>Otros dijeron que adem\u00e1s de que se les echaron a perder los alimentos no pueden seguir la cadena fr\u00eda de algunos medicamentos y tambi\u00e9n los est\u00e1n comenzando a perder.<\/p>\n","protected":false},"excerpt":{"rendered":"<p>Jes\u00fas Utrilla \/ NV Noticias Por falta de energ\u00eda el\u00e9ctrica usuarios de la Comisi\u00f3n Federal de Electricidad bloquearon la avenida 20 de noviembre. Se\u00f1alaron que desde el mi\u00e9rcoles a las 11 de la ma\u00f1ana se quedaron sin el suministro el\u00e9ctrico. La se\u00f1ora Susana dijo que se quedaron en el servicio en Abasolo entre Prim y [&hellip;]<\/p>\n","protected":false},"author":8,"featured_media":167265,"comment_status":"open","ping_status":"open","sticky":false,"template":"","format":"standard","meta":{"_monsterinsights_skip_tracking":false,"_monsterinsights_sitenote_active":false,"_monsterinsights_sitenote_note":"","_monsterinsights_sitenote_category":0,"footnotes":""},"categories":[154],"tags":[6980,1905,31356],"class_list":["post-167264","post","type-post","status-publish","format-standard","has-post-thumbnail","hentry","category-veracruz","tag-20-de-noviembre","tag-bloqueo","tag-falta-de-luz","wp-image-borders"],"amp_enabled":true,"_links":{"self":[{"href":"https:\/\/nvnoticias.mx\/index.php\/wp-json\/wp\/v2\/posts\/167264","targetHints":{"allow":["GET"]}}],"collection":[{"href":"https:\/\/nvnoticias.mx\/index.php\/wp-json\/wp\/v2\/posts"}],"about":[{"href":"https:\/\/nvnoticias.mx\/index.php\/wp-json\/wp\/v2\/types\/post"}],"author":[{"embeddable":true,"href":"https:\/\/nvnoticias.mx\/index.php\/wp-json\/wp\/v2\/users\/8"}],"replies":[{"embeddable":true,"href":"https:\/\/nvnoticias.mx\/index.php\/wp-json\/wp\/v2\/comments?post=167264"}],"version-history":[{"count":1,"href":"https:\/\/nvnoticias.mx\/index.php\/wp-json\/wp\/v2\/posts\/167264\/revisions"}],"predecessor-version":[{"id":167266,"href":"https:\/\/nvnoticias.mx\/index.php\/wp-json\/wp\/v2\/posts\/167264\/revisions\/167266"}],"wp:featuredmedia":[{"embeddable":true,"href":"https:\/\/nvnoticias.mx\/index.php\/wp-json\/wp\/v2\/media\/167265"}],"wp:attachment":[{"href":"https:\/\/nvnoticias.mx\/index.php\/wp-json\/wp\/v2\/media?parent=167264"}],"wp:term":[{"taxonomy":"category","embeddable":true,"href":"https:\/\/nvnoticias.mx\/index.php\/wp-json\/wp\/v2\/categories?post=167264"},{"taxonomy":"post_tag","embeddable":true,"href":"https:\/\/nvnoticias.mx\/index.php\/wp-json\/wp\/v2\/tags?post=167264"}],"curies":[{"name":"wp","href":"https:\/\/api.w.org\/{rel}","templated":true}]}}