{"id":167160,"date":"2024-12-12T11:10:17","date_gmt":"2024-12-12T17:10:17","guid":{"rendered":"https:\/\/nvnoticias.mx\/?p=167160"},"modified":"2024-12-12T11:10:19","modified_gmt":"2024-12-12T17:10:19","slug":"visita-ministra-loretta-ortiz-la-basilica-de-guadalupe-y-agradece-por-tres-anos-en-la-suprema-corte","status":"publish","type":"post","link":"https:\/\/nvnoticias.mx\/index.php\/2024\/12\/12\/visita-ministra-loretta-ortiz-la-basilica-de-guadalupe-y-agradece-por-tres-anos-en-la-suprema-corte\/","title":{"rendered":"Visita ministra Loretta Ortiz la Bas\u00edlica de Guadalupe y agradece por tres a\u00f1os en la Suprema Corte"},"content":{"rendered":"\n<p>Este jueves, en el marco del\u00a0<strong>D\u00eda de la Virgen de Guadalupe<\/strong>, la ministra de la\u00a0<strong>Suprema Corte de Justicia de la Naci\u00f3n<\/strong>,\u00a0<strong>Loretta Ortiz Ahlf<\/strong>, visit\u00f3 la Bas\u00edlica de Guadalupe para \u201cagradecer por las oportunidades y los aprendizajes\u201d tras cumplir tres a\u00f1os como integrante del M\u00e1ximo Tribunal.<\/p>\n\n\n\n<p>\u201cHoy se cumplen 3 a\u00f1os de mi designaci\u00f3n como Ministra de la Suprema Corte de Justicia de la Naci\u00f3n, la mayor distinci\u00f3n de mi carrera y la realizaci\u00f3n de un sue\u00f1o de infancia. Como mujer de fe, acud\u00ed a la Bas\u00edlica de Guadalupe para agradecer por las oportunidades y los aprendizajes\u201d, escribi\u00f3 Ortiz Ahlf en redes sociales.<\/p>\n\n\n\n<p>Adem\u00e1s, la ministra expres\u00f3 que acudi\u00f3 a pedir fortaleza para seguir sirviendo a M\u00e9xico con integridad y compromiso.<\/p>\n\n\n\n<p>Ayer, Ortiz Ahlf fue electa como presidenta de la Primera Sala de la Suprema Corte de Justicia de la Naci\u00f3n por unanimidad de votos de los integrantes, de manera que encabezar\u00e1 los trabajos de la Primera Sala para el pr\u00f3ximo periodo que inicia en enero de 2025 y hasta septiembre del mismo a\u00f1o, que desaparecer\u00e1n las Salas de la Corte por la\u00a0<strong>reforma judicial<\/strong>.<\/p>\n\n\n\n<p>Fuente: <a href=\"https:\/\/www.eluniversal.com.mx\/nacion\/ministra-loretta-ortiz-visita-la-basilica-de-guadalupe-agradece-por-tres-anos-en-la-suprema-corte\/\">El Universal<\/a><\/p>\n","protected":false},"excerpt":{"rendered":"<p>Este jueves, en el marco del\u00a0D\u00eda de la Virgen de Guadalupe, la ministra de la\u00a0Suprema Corte de Justicia de la Naci\u00f3n,\u00a0Loretta Ortiz Ahlf, visit\u00f3 la Bas\u00edlica de Guadalupe para \u201cagradecer por las oportunidades y los aprendizajes\u201d tras cumplir tres a\u00f1os como integrante del M\u00e1ximo Tribunal. \u201cHoy se cumplen 3 a\u00f1os de mi designaci\u00f3n como Ministra [&hellip;]<\/p>\n","protected":false},"author":35,"featured_media":167161,"comment_status":"open","ping_status":"open","sticky":false,"template":"","format":"standard","meta":{"_monsterinsights_skip_tracking":false,"_monsterinsights_sitenote_active":false,"_monsterinsights_sitenote_note":"","_monsterinsights_sitenote_category":0,"footnotes":""},"categories":[158],"tags":[21773,8364,5111,5460],"class_list":["post-167160","post","type-post","status-publish","format-standard","has-post-thumbnail","hentry","category-politica","tag-basilica-de-guadalupe","tag-loretta-ortiz","tag-ministra","tag-suprema-corte","wp-image-borders"],"amp_enabled":true,"_links":{"self":[{"href":"https:\/\/nvnoticias.mx\/index.php\/wp-json\/wp\/v2\/posts\/167160","targetHints":{"allow":["GET"]}}],"collection":[{"href":"https:\/\/nvnoticias.mx\/index.php\/wp-json\/wp\/v2\/posts"}],"about":[{"href":"https:\/\/nvnoticias.mx\/index.php\/wp-json\/wp\/v2\/types\/post"}],"author":[{"embeddable":true,"href":"https:\/\/nvnoticias.mx\/index.php\/wp-json\/wp\/v2\/users\/35"}],"replies":[{"embeddable":true,"href":"https:\/\/nvnoticias.mx\/index.php\/wp-json\/wp\/v2\/comments?post=167160"}],"version-history":[{"count":1,"href":"https:\/\/nvnoticias.mx\/index.php\/wp-json\/wp\/v2\/posts\/167160\/revisions"}],"predecessor-version":[{"id":167162,"href":"https:\/\/nvnoticias.mx\/index.php\/wp-json\/wp\/v2\/posts\/167160\/revisions\/167162"}],"wp:featuredmedia":[{"embeddable":true,"href":"https:\/\/nvnoticias.mx\/index.php\/wp-json\/wp\/v2\/media\/167161"}],"wp:attachment":[{"href":"https:\/\/nvnoticias.mx\/index.php\/wp-json\/wp\/v2\/media?parent=167160"}],"wp:term":[{"taxonomy":"category","embeddable":true,"href":"https:\/\/nvnoticias.mx\/index.php\/wp-json\/wp\/v2\/categories?post=167160"},{"taxonomy":"post_tag","embeddable":true,"href":"https:\/\/nvnoticias.mx\/index.php\/wp-json\/wp\/v2\/tags?post=167160"}],"curies":[{"name":"wp","href":"https:\/\/api.w.org\/{rel}","templated":true}]}}