{"id":167055,"date":"2024-12-11T09:25:46","date_gmt":"2024-12-11T15:25:46","guid":{"rendered":"https:\/\/nvnoticias.mx\/?p=167055"},"modified":"2024-12-11T09:25:47","modified_gmt":"2024-12-11T15:25:47","slug":"la-eleccion-que-legitima-a-nahle","status":"publish","type":"post","link":"https:\/\/nvnoticias.mx\/index.php\/2024\/12\/11\/la-eleccion-que-legitima-a-nahle\/","title":{"rendered":"La elecci\u00f3n que legitima a Nahle&#8230;"},"content":{"rendered":"\n<p><\/p>\n\n\n\n<p><strong>Ricardo Chua<\/strong><\/p>\n\n\n\n<p>Sin duda, este 2025 en Veracruz, uno de los estados m\u00e1s politizados del pa\u00eds, el sector pol\u00edtico y social de la entidad, confirma que este a\u00f1o.. Ser\u00e1 fundamental para la gobernadora Roc\u00edo Nahle Garc\u00eda, sobre todo para que ella SE LEGITIME con su oficio y operaci\u00f3n pol\u00edtica necesaria para retener el poder de MORENA, en el mayor n\u00famero de los 212 ayuntamientos en la entidad.. Que estar\u00e1n en disputa en el proceso electoral municipal este pr\u00f3ximo mes de junio para elegir a los alcaldes que lo gobernaran..<\/p>\n\n\n\n<p>Es decir, Roc\u00edo Nahle tendr\u00e1 como m\u00ednima tarea.. Tratar de mantener el n\u00famero de alcaldes que le dej\u00f3 Cuitl\u00e1huac Garc\u00eda en el poder a la 4T.. Y la gobernadora tendr\u00e1 que hacer todo lo que est\u00e9 en sus manos para tratar de superarlo.. Con ello, MORENA se afianzar\u00e1 como el partido pol\u00edtico m\u00e1s poderoso en la entidad, junto con sus aliados en este movimiento, los cuales son el PVEM y el PT.. Pero para eso necesita ganar un mayor n\u00famero de ayuntamientos &#8220;jarochos&#8221;..<\/p>\n\n\n\n<p>Adem\u00e1s eso afianzar\u00e1 su liderazgo.. Ya que con ello, Roc\u00edo Nahle, dar\u00e1 argumentos a sus simpatizantes, para se\u00f1alar que en el pasado proceso electoral estatal del 2 de junio.. Se triunf\u00f3 porque ella encabez\u00f3 un movimiento con fuerza pol\u00edtica de la izquierda veracruzana.. Y no que en Veracruz, se haya ganado por el efecto de MORENA y del Ex Presidente, Andr\u00e9s Manuel L\u00f3pez Obrador.. Si la gobernadora es el principal activo pol\u00edtico de este organismo en la entidad.. Aqu\u00ed es el momento de demostrarlo..<\/p>\n\n\n\n<p>Esto a pesar de todo el lastre que le gener\u00f3 a Nahle.. El gobierno de la incapacidad en el Estado encabezado por Cuitl\u00e1huac Garc\u00eda.. Y que adem\u00e1s tiene que demostrar en la elecci\u00f3n de alcaldes, que ese mill\u00f3n de votos, que le sac\u00f3 muy por encima al priista, Jos\u00e9 Francisco Yunes Zorrilla, se debi\u00f3 por ella.. Y que no fue debido al efecto que en ese momento representaba como candidata la ahora Presidenta de este pa\u00eds, Claudia Sheinbaum Pardo.. Es cuesti\u00f3n de enfoque..<\/p>\n\n\n\n<p>POLO DESCHAMPS, \u00bfEL NUEVO MORENO?.. En pol\u00edtica, las m\u00e1scaras se caen tarde o temprano, pero a veces el actor es tan astuto, que sabe cu\u00e1ndo cambiarlas y seguir adelante, sin que nadie se d\u00e9 cuenta de sus verdaderas intenciones.. Es la historia de Polo Deschamps, un pol\u00edtico que durante m\u00e1s de una d\u00e9cada ha &#8220;bailado&#8221; al ritmo de partidos y las ideolog\u00edas que le ofrecen la llave del poder. \u00c9l compiti\u00f3 por la gubernatura de Veracruz abanderado por Movimiento Ciudadano, ahora \u201ccoquetea\u201d con MORENA..<\/p>\n\n\n\n<p>Cuentan que para esta nueva &#8220;aventura&#8221;, lo \u201capadrina\u201d en Veracruz, Esteban Ram\u00edrez Zepeta, l\u00edder estatal de MORENA, para que Polo sea la mejor opci\u00f3n para los alvarade\u00f1os.. Sin embargo, a Deschamps parece no importarle que \u00e9l no encaja con los principios de MORENA.. Su historia comenz\u00f3 en 2007, cuando se le dio la oportunidad de ser Director de Gobernaci\u00f3n en la administraci\u00f3n panista de Boca del R\u00edo, gracias a un &#8220;favor&#8221; de su t\u00edo \u00c1ngel Deschamps Falc\u00f3n, ex alcalde de la Ciudad..<\/p>\n\n\n\n<p>Aquel fue el primer indicio de que Polo llegaba por favores pol\u00edticos.. En 2011, Polo dio un gran salto y se convirti\u00f3 en regidor de Boca del R\u00edo por el Partido Acci\u00f3n Nacional (PAN), en el gobierno del entonces pri\u00edsta, Salvador Manzur D\u00edaz.. Luego, ya en 2017, Deschamps logr\u00f3 ser alcalde de Medell\u00edn de Bravo con el apoyo del PAN, de los Yunes, Tito Delf\u00edn y Enrique Cambranis.. Pero para calificar como candidato y llegar a este cargo, Polo us\u00f3 una estrategia astuta, dijo ser residente de Medell\u00edn\u2026<\/p>\n\n\n\n<p>Para ese tiempo, ya todo ya estaba tejido, pero la trampa era demasiado obvia: Simul\u00f3 vivir en una modesta casa de inter\u00e9s social ubicada en el Fraccionamiento &#8220;Puente Moreno&#8221;.. Ahora habr\u00e1 que ver si en Alvarado lo dejan entrar los \u00c1lvarez, los Ruiz, los Uscanga y todo ese grupo de pol\u00edticos.. Alvarado es muy territorial y la gente no vota por uno que no es de ah\u00ed.. Hay ejemplos claros.. Podr\u00e1 ser el candidato de MORENA, pero de ah\u00ed que gane.. Es otra historia.. AM\u00c9N..<\/p>\n\n\n\n<p>LAS &#8220;GRILLAS&#8221; DEL PODER JUDICIAL DE VERACRUZ.. Cuenta &#8220;Garganta Profunda&#8221; que al interior del Poder Judicial de Veracruz, hay una serie de fuertes &#8220;grillas&#8221; entre sus principales personajes.. Como es la Magistrada, Denisse Uribe, de la cual comentan que sabe de que no est\u00e1 en el \u00e1nimos de la gobernadora de Veracruz, Roc\u00edo Nahle Garc\u00eda, y que por ello, es que esta alta funcionaria busca desesperadamente reunirse con algunas de las Ministras de la Suprema Corte de Justicia de la Naci\u00f3n, a fines de la 4T..<\/p>\n\n\n\n<p>Motivo por el cual, sus &#8220;bi\u00f3grafos&#8221; no autorizados comentan que al estilo de la &#8220;vieja&#8221; usanza de los gobiernos priistas y panistas.. La Magistrada p\u00fablica fotos con cu\u00e1nto actor pol\u00edtico, empresarial o social se encuentra en la calle o en reuniones a las que ella asiste.. Y a los cuales, les dice contar con el respaldo de todo el aparato de la 4T.. Pero esa realidad supera su ficci\u00f3n.. Ya que en Palacio de Gobierno saben que el pr\u00f3ximo a\u00f1o su vida pol\u00edtica acab\u00f3.. Y que Roc\u00edo Nahle est\u00e1 determinada a &#8220;borrar&#8221; todo lo que huela al pasado.. Pues se va a ir.. Y todo indica que las Ministras en la SCJN ya est\u00e1n enteradas del movimiento.. AMEN..<\/p>\n","protected":false},"excerpt":{"rendered":"<p>Ricardo Chua Sin duda, este 2025 en Veracruz, uno de los estados m\u00e1s politizados del pa\u00eds, el sector pol\u00edtico y social de la entidad, confirma que este a\u00f1o.. Ser\u00e1 fundamental para la gobernadora Roc\u00edo Nahle Garc\u00eda, sobre todo para que ella SE LEGITIME con su oficio y operaci\u00f3n pol\u00edtica necesaria para retener el poder de [&hellip;]<\/p>\n","protected":false},"author":29,"featured_media":167060,"comment_status":"open","ping_status":"open","sticky":false,"template":"","format":"standard","meta":{"_monsterinsights_skip_tracking":false,"_monsterinsights_sitenote_active":false,"_monsterinsights_sitenote_note":"","_monsterinsights_sitenote_category":0,"footnotes":""},"categories":[245],"tags":[327],"class_list":["post-167055","post","type-post","status-publish","format-standard","has-post-thumbnail","hentry","category-dialogos-de-poder","tag-ricardo-chua","wp-image-borders"],"amp_enabled":true,"_links":{"self":[{"href":"https:\/\/nvnoticias.mx\/index.php\/wp-json\/wp\/v2\/posts\/167055","targetHints":{"allow":["GET"]}}],"collection":[{"href":"https:\/\/nvnoticias.mx\/index.php\/wp-json\/wp\/v2\/posts"}],"about":[{"href":"https:\/\/nvnoticias.mx\/index.php\/wp-json\/wp\/v2\/types\/post"}],"author":[{"embeddable":true,"href":"https:\/\/nvnoticias.mx\/index.php\/wp-json\/wp\/v2\/users\/29"}],"replies":[{"embeddable":true,"href":"https:\/\/nvnoticias.mx\/index.php\/wp-json\/wp\/v2\/comments?post=167055"}],"version-history":[{"count":1,"href":"https:\/\/nvnoticias.mx\/index.php\/wp-json\/wp\/v2\/posts\/167055\/revisions"}],"predecessor-version":[{"id":167061,"href":"https:\/\/nvnoticias.mx\/index.php\/wp-json\/wp\/v2\/posts\/167055\/revisions\/167061"}],"wp:featuredmedia":[{"embeddable":true,"href":"https:\/\/nvnoticias.mx\/index.php\/wp-json\/wp\/v2\/media\/167060"}],"wp:attachment":[{"href":"https:\/\/nvnoticias.mx\/index.php\/wp-json\/wp\/v2\/media?parent=167055"}],"wp:term":[{"taxonomy":"category","embeddable":true,"href":"https:\/\/nvnoticias.mx\/index.php\/wp-json\/wp\/v2\/categories?post=167055"},{"taxonomy":"post_tag","embeddable":true,"href":"https:\/\/nvnoticias.mx\/index.php\/wp-json\/wp\/v2\/tags?post=167055"}],"curies":[{"name":"wp","href":"https:\/\/api.w.org\/{rel}","templated":true}]}}