{"id":166956,"date":"2024-12-10T09:26:56","date_gmt":"2024-12-10T15:26:56","guid":{"rendered":"https:\/\/nvnoticias.mx\/?p=166956"},"modified":"2024-12-10T09:26:58","modified_gmt":"2024-12-10T15:26:58","slug":"ley-de-identidad-e-inclusion-laboral","status":"publish","type":"post","link":"https:\/\/nvnoticias.mx\/index.php\/2024\/12\/10\/ley-de-identidad-e-inclusion-laboral\/","title":{"rendered":"Ley de identidad e inclusi\u00f3n laboral"},"content":{"rendered":"\n<p><\/p>\n\n\n\n<p>CAF\u00c9 DE MA\u00d1ANA<br><strong>Por Jos\u00e9 Luis Enr\u00edquez Ambell<\/strong><\/p>\n\n\n\n<p>La reciente reuni\u00f3n de trabajo celebrada en el Palacio Legislativo del Estado con la comunidad LGBTQ+, encabezada por la presidenta de la Mesa Directiva, diputada Tanya Carola Viveros Ch\u00e1zaro, junto con la diputada Astrid S\u00e1nchez Miguel, presidenta de la Comisi\u00f3n Permanente para la Igualdad de G\u00e9nero, representa un gran paso. Esto se logra gracias a la colaboraci\u00f3n con los integrantes de los colectivos y activistas de la Red Diversa del estado de Veracruz.<\/p>\n\n\n\n<p>Sin duda, uno de los pendientes es la Ley de Identidad, retomada ahora en la LXVII Legislatura por la diputada Tanya Carola Viveros Ch\u00e1zaro. Se observa una agenda conjunta, pero sobre todo estrat\u00e9gica, para concretar esfuerzos en este sentido.<\/p>\n\n\n\n<p>Las mediciones realizadas por el INEGI, presentadas en 2022 a trav\u00e9s de la \u201cEncuesta Nacional sobre Diversidad Sexual y de G\u00e9nero\u201d, han dejado claro el crecimiento y las demandas de una comunidad que debe incluirse en las pol\u00edticas p\u00fablicas de inmediato, as\u00ed como en el marco legislativo.<\/p>\n\n\n\n<p>Entre las cinco entidades de la Rep\u00fablica con mayor n\u00famero de poblaci\u00f3n LGBTQ+, Veracruz ocupa el tercer lugar, con 308 mil personas identificadas dentro del total de m\u00e1s de 5 millones en el pa\u00eds (OSIG LGBTI+), seg\u00fan las cifras del INEGI.<\/p>\n\n\n\n<p>Identificar a esta comunidad desde su orientaci\u00f3n sexual y su identidad de g\u00e9nero, como lo revela la encuesta, permite fortalecer este ejercicio de inclusi\u00f3n. Este enfoque coloca a M\u00e9xico como pionero en el \u00e1mbito global en la recopilaci\u00f3n de datos de este tipo.<\/p>\n\n\n\n<p>La conceptualizaci\u00f3n de \u201cmujer trans\u201d se refiere a personas que, habiendo sido asignadas como g\u00e9nero masculino al nacer, se identifican y socializan como mujeres dentro de lo femenino.<\/p>\n\n\n\n<p>El accionar de la comunidad LGBTI+ (lesbianas, gays, bisexuales, transg\u00e9nero, intersexuales, queer y otras diversidades) requiere no solo ser reconocido, sino tambi\u00e9n incluirse en las decisiones que configuren pol\u00edticas p\u00fablicas. Dicho de otro modo, deben ser integrados plenamente, no excluidos.<\/p>\n\n\n\n<p>La b\u00fasqueda es darles espacios para la expresi\u00f3n abierta, lo que generar\u00eda confianza mutua y fortalecer\u00eda las relaciones sociales y laborales. Las reuniones que ha liderado Tanya Carola Viveros Ch\u00e1zaro, junto con diputadas, diputados y colectivos, enriquecen este trabajo hacia la inclusi\u00f3n.<\/p>\n\n\n\n<p>DE SOBREMESA<\/p>\n\n\n\n<p>La conceptualizaci\u00f3n de \u201cmujer trans\u201d refuerza el reconocimiento a la diversidad de g\u00e9nero, y debe tomarse en cuenta en la construcci\u00f3n de pol\u00edticas p\u00fablicas inclusivas.<\/p>\n\n\n\n<p>La encuesta del INEGI, realizada entre agosto de 2021 y enero de 2022, utiliz\u00f3 m\u00e9todos probabil\u00edsticos con una muestra representativa de 44 mil viviendas. Esto incluy\u00f3 entrevistas cara a cara y una cobertura de 97.2 millones de personas de 15 a\u00f1os y m\u00e1s, lo que subraya la importancia de incorporar estos datos en las decisiones gubernamentales.<\/p>\n\n\n\n<p>UN CAF\u00c9 LECHERO LIGHT<\/p>\n\n\n\n<p>Es destacable que el 81.4 % de las personas encuestadas est\u00e1 de acuerdo en que las parejas del mismo sexo expresen su afecto en espacios p\u00fablicos. Adem\u00e1s, el 83.7 % apoya que puedan contraer matrimonio civil, y el 76.1 % est\u00e1 de acuerdo con que puedan adoptar.<\/p>\n\n\n\n<p>UN CAF\u00c9 CON DOBLE CARGA<\/p>\n\n\n\n<p>En Veracruz, incluir a toda la poblaci\u00f3n LGBTI+ en la agenda institucional es urgente. Esto resulta especialmente relevante en el contexto de la discusi\u00f3n y aprobaci\u00f3n del Proyecto de Egresos 2025.<\/p>\n\n\n\n<p>Aunque ya se observan avances en oportunidades laborales para personas trans, estas a\u00fan enfrentan carencias en aspectos como atenci\u00f3n m\u00e9dica, prestaciones laborales y documentos oficiales que avalen su identidad de g\u00e9nero. Sin embargo, estos pasos iniciales permiten vislumbrar un camino hacia mayores logros.<\/p>\n\n\n\n<p>UN CAF\u00c9 CON PILONCILLO<\/p>\n\n\n\n<p>El personal de recursos humanos del sector gubernamental requiere urgentemente capacitaci\u00f3n en derechos de diversidad sexual. Identificar empresas aliadas o que ya desarrollen pol\u00edticas inclusivas tambi\u00e9n es esencial.<\/p>\n\n\n\n<p>Todos podemos contribuir a que la comunidad trans aprenda a presentar curr\u00edculums, prepararse para entrevistas laborales y superar la falta de experiencia que resulta de la discriminaci\u00f3n. Esta situaci\u00f3n ha limitado su acceso al mercado laboral y al desarrollo profesional.<\/p>\n\n\n\n<p>UN CAF\u00c9 PA\u2019 LLEVAR<\/p>\n\n\n\n<p>La Red Diversa de Veracruz, Orgullo Xalapa AC, Colectivo Medusa, MOVIT y activistas independientes est\u00e1n en buenas manos dentro del Congreso del Estado, donde trabajan por una sociedad m\u00e1s justa e inclusiva.<\/p>\n\n\n\n<p>UN CAF\u00c9 CON PIQUETE<\/p>\n\n\n\n<p>El ex servidor p\u00fablico estatal y quien fuera diputado local en la H. LXIII Legislatura Ra\u00fal Zarrabal Ferat, ha dado un paso importante en su vida pol\u00edtica y seguramente su reactivaci\u00f3n en el quehacer de las instituciones ser\u00e1 cuesti\u00f3n de corto tiempo.<\/p>\n\n\n\n<p>\u00a1ES CUANTO!<\/p>\n\n\n\n<p>enriquezambell@gmail.com;<br>enamjl62@gmail.com<\/p>\n","protected":false},"excerpt":{"rendered":"<p>CAF\u00c9 DE MA\u00d1ANAPor Jos\u00e9 Luis Enr\u00edquez Ambell La reciente reuni\u00f3n de trabajo celebrada en el Palacio Legislativo del Estado con la comunidad LGBTQ+, encabezada por la presidenta de la Mesa Directiva, diputada Tanya Carola Viveros Ch\u00e1zaro, junto con la diputada Astrid S\u00e1nchez Miguel, presidenta de la Comisi\u00f3n Permanente para la Igualdad de G\u00e9nero, representa un [&hellip;]<\/p>\n","protected":false},"author":46,"featured_media":166958,"comment_status":"open","ping_status":"open","sticky":false,"template":"","format":"standard","meta":{"_monsterinsights_skip_tracking":false,"_monsterinsights_sitenote_active":false,"_monsterinsights_sitenote_note":"","_monsterinsights_sitenote_category":0,"footnotes":""},"categories":[18007],"tags":[18008],"class_list":["post-166956","post","type-post","status-publish","format-standard","has-post-thumbnail","hentry","category-cafe-de-manana","tag-jose-luis-enriquez-ambell","wp-image-borders"],"amp_enabled":true,"_links":{"self":[{"href":"https:\/\/nvnoticias.mx\/index.php\/wp-json\/wp\/v2\/posts\/166956","targetHints":{"allow":["GET"]}}],"collection":[{"href":"https:\/\/nvnoticias.mx\/index.php\/wp-json\/wp\/v2\/posts"}],"about":[{"href":"https:\/\/nvnoticias.mx\/index.php\/wp-json\/wp\/v2\/types\/post"}],"author":[{"embeddable":true,"href":"https:\/\/nvnoticias.mx\/index.php\/wp-json\/wp\/v2\/users\/46"}],"replies":[{"embeddable":true,"href":"https:\/\/nvnoticias.mx\/index.php\/wp-json\/wp\/v2\/comments?post=166956"}],"version-history":[{"count":1,"href":"https:\/\/nvnoticias.mx\/index.php\/wp-json\/wp\/v2\/posts\/166956\/revisions"}],"predecessor-version":[{"id":166959,"href":"https:\/\/nvnoticias.mx\/index.php\/wp-json\/wp\/v2\/posts\/166956\/revisions\/166959"}],"wp:featuredmedia":[{"embeddable":true,"href":"https:\/\/nvnoticias.mx\/index.php\/wp-json\/wp\/v2\/media\/166958"}],"wp:attachment":[{"href":"https:\/\/nvnoticias.mx\/index.php\/wp-json\/wp\/v2\/media?parent=166956"}],"wp:term":[{"taxonomy":"category","embeddable":true,"href":"https:\/\/nvnoticias.mx\/index.php\/wp-json\/wp\/v2\/categories?post=166956"},{"taxonomy":"post_tag","embeddable":true,"href":"https:\/\/nvnoticias.mx\/index.php\/wp-json\/wp\/v2\/tags?post=166956"}],"curies":[{"name":"wp","href":"https:\/\/api.w.org\/{rel}","templated":true}]}}