{"id":166840,"date":"2024-12-09T07:44:39","date_gmt":"2024-12-09T13:44:39","guid":{"rendered":"https:\/\/nvnoticias.mx\/?p=166840"},"modified":"2024-12-09T07:44:41","modified_gmt":"2024-12-09T13:44:41","slug":"los-derechos-humanos-2","status":"publish","type":"post","link":"https:\/\/nvnoticias.mx\/index.php\/2024\/12\/09\/los-derechos-humanos-2\/","title":{"rendered":"Los derechos humanos"},"content":{"rendered":"\n<p><\/p>\n\n\n\n<p><strong>Gladys de L. P\u00e9rez Maldonado<\/strong><\/p>\n\n\n\n<p><\/p>\n\n\n\n<p><em>El D\u00eda de los Derechos Humanos<\/em> se celebra cada 10 de diciembre, d\u00eda en que, en 1948, la Asamblea General de las Naciones Unidas adopt\u00f3 la Declaraci\u00f3n Universal de los Derechos Humanos (DUDH). La declaraci\u00f3n Universal de los Derechos Humanos es un documento hist\u00f3rico que proclama los derechos inalienables que corresponden a toda persona como ser humano, independientemente de su raza, color, religi\u00f3n, sexo, idioma, opini\u00f3n pol\u00edtica o de otra \u00edndole, origen nacional o social, posici\u00f3n econ\u00f3mica, nacimiento.<\/p>\n\n\n\n<p>\u201cLos derechos humanos tienen que ver con las personas. Los derechos humanos tienen que ver contigo y con tu vida: tus necesidades, tus deseos y tus miedos; tus ilusiones para el presente y el futuro\u201d, asegur\u00f3 el Jefe de Derechos Humanos de las Naciones Unidas Volker T\u00fcrk, en su mensaje en video para celebrar el D\u00eda de los Derechos Humanos 2024.<\/p>\n\n\n\n<p>&nbsp;&nbsp;&nbsp;&nbsp;&nbsp;&nbsp;&nbsp;&nbsp;&nbsp;&nbsp;&nbsp; Bajo el lema <em>Nuestros derechos, nuestro futuro \u00a1Ya!, <\/em>la campa\u00f1a de Derechos Humanos de las Naciones Unidas de este a\u00f1o se centra en c\u00f3mo los derechos humanos suponen una hoja de ruta para hallar soluciones, ya que desempe\u00f1an una funci\u00f3n clave como fuerza de prevenci\u00f3n, protecci\u00f3n y transformaci\u00f3n con fines positivos, en especial en tiempos de crisis.<\/p>\n\n\n\n<p>&nbsp;&nbsp;&nbsp;&nbsp;&nbsp;&nbsp;&nbsp;&nbsp;&nbsp;&nbsp;&nbsp; Para Volker T\u00fcrk, los derechos humanos forman el hilo com\u00fan que nos une a todos y todas para promover la paz y la estabilidad. Al establecer, reconocer y atenerse a un conjunto com\u00fan de valores y principios que se aplican de manera universal, los derechos humanos ayudan a evitar que se cometan violaciones, existan conflictos y abusos antes de que estos ocurran.<\/p>\n\n\n\n<p>&nbsp;&nbsp;&nbsp;&nbsp;&nbsp;&nbsp;&nbsp;&nbsp;&nbsp;&nbsp;&nbsp; \u201cLas generaciones anteriores lucharon e incluso murieron por los derechos humanos. El derecho al voto; el derecho a protestar; el derecho al trabajo, y a la igualdad salarial para las mujeres; el derecho a ser vistos, escuchados y a ser tenidos en cuenta.<\/p>\n\n\n\n<p>Nuestros antepasados se lanzaron a la calle, fueron a los parlamentos y a los tribunales para luchar contra el colonialismo y el apartheid, la discriminaci\u00f3n, la desigualdad, la esclavitud y el racismo. Ellos y ellas construyeron el sistema internacional de los derechos humanos, propiciando con ello mejoras reales en las vidas de las personas de todo el mundo\u201d, manifest\u00f3 T\u00fcrk. Fuente: <a href=\"http:\/\/www.hchr.org.mx\">www.hchr.org.mx<\/a><\/p>\n\n\n\n<p>A lo largo de varias d\u00e9cadas, los derechos humanos han sido m\u00e1s reconocidos y garantizados en el mundo, aunque la perspectiva de ello sea aplicada de acuerdo a las costumbres, religi\u00f3n y tipo de gobierno de cada pa\u00eds, por lo que a nuestro parecer no se cumple en todas las latitudes con la intenci\u00f3n de la Declaraci\u00f3n Universal de los Derechos Humanos.<\/p>\n\n\n\n<p>La promesa plena que destilaban los derechos humanos a\u00fan no se ha hecho realidad, es por esa raz\u00f3n que desde la Oficina del Alto Comisionado de Derechos Humanos de la ONU, se pide al mundo entero que contacten con los dem\u00e1s y conecten con las personas, para construir movimientos sociales s\u00f3lidos que defiendan sus derechos y los de las generaciones futuras. Adem\u00e1s, insta a que se&nbsp; los l\u00edderes mundiales trabajen en pro de la igualdad, la justicia, la paz y todos sus derechos humanos.<\/p>\n\n\n\n<p>La dignidad, la libertad, la justicia e igualdad de derechos para todas las personas, sufre un ataque constante, cuando el mundo se enfrenta a desaf\u00edos nuevos y continuados, para los que nunca estar\u00e1 preparado como las pandemias, los conflictos armados, las desigualdades crecientes, discriminaci\u00f3n, racismo, el fen\u00f3meno migratorio, la quiebra moral del sistema financiero no reconocido por los gobiernos, que traen como consecuencia un empobrecimiento ineludible para las clases medias y m\u00e1s a\u00fan para los ya considerados en la clase pobre.<\/p>\n\n\n\n<p>Este 2024, Derechos Humanos de las Naciones Unidas espera inspirar a todo el mundo para que reconozcan la importancia y relevancia que tienen los derechos humanos, a cambiar precepciones contrarrestando estereotipos y concepciones err\u00f3neas, y a movilizar a emprender acciones para dar un nuevo impulso al movimiento global en pro de los derechos humanos.<\/p>\n\n\n\n<p>La Agenda 2030 para el Desarrollo Sostenible mantiene expl\u00edcitamente que se basa en la Declaraci\u00f3n que incluye un proyecto global para las leyes y pol\u00edticas internacionales, nacionales y locales y que dicha agenda debe&nbsp; aplicarse de forma que se hagan realidad los derechos humanos para todas las personas sin distinci\u00f3n.<\/p>\n\n\n\n<p>La sociedad en su conjunto debemos defender el respeto de nuestros derechos humanos ante cualquier intento de interrupci\u00f3n del goce y disfrute de ellos. Necesitamos renovar el contrato social entre los gobiernos y sus pueblos, para reconstruir la confianza y adoptar una visi\u00f3n compartida y global de los derechos humanos en el camino hacia la obtenci\u00f3n de la justicia, la igualdad y la seguridad de las personas.<\/p>\n\n\n\n<p>Como siempre hemos sostenido en este espacio de <em>Alguien como t\u00fa, <\/em>los D\u00edas Internacionales nos dan oportunidad de sensibilizar a los gobiernos y al p\u00fablico en general sobre los temas de gran inter\u00e9s, tales como los derechos humanos, el desarrollo sostenible, la salud, la educaci\u00f3n, la seguridad, la igualdad, para dar a conocer problemas sin resolver que precisan la puesta en marcha de pol\u00edticas p\u00fablicas concretas para su soluci\u00f3n.<\/p>\n\n\n\n<p>La igualdad de los g\u00e9neros y la perspectiva de g\u00e9nero incide en hacer respetar los derechos humanos de aquellas que milenariamente han sufrido discriminaci\u00f3n, que no han sido vistas, ni reconocidas en la importante presencia que tienen en la sociedad, en la familia, esto es, visibilizar a la mujer en la vida p\u00fablica y privada y que sea respetada y reconocida en sus derechos de manera igualitaria.<\/p>\n\n\n\n<p>La igualdad de los g\u00e9neros, vivir en libertad y libre de violencia: Es un tema de derechos humanos.<\/p>\n\n\n\n<p><em>Alguien como t\u00fa<\/em> se suma a la campa\u00f1a que encabeza la Dra. Claudia Sheinbaum Pardo: <em>Es tiempo de mujeres libres de violencia<\/em> y nos comprometemos a trabajar en conjunto con la Secretar\u00eda de la Mujer que preside Citlalli Hern\u00e1ndez para lograrlo.<\/p>\n\n\n\n<p>Hoy, es un tiempo in\u00e9dito en la historia de nuestro pa\u00eds para alcanzar que todas las mujeres en M\u00e9xico vivamos una vida plena, feliz, en paz y libre de violencias\u2026<\/p>\n","protected":false},"excerpt":{"rendered":"<p>Gladys de L. P\u00e9rez Maldonado El D\u00eda de los Derechos Humanos se celebra cada 10 de diciembre, d\u00eda en que, en 1948, la Asamblea General de las Naciones Unidas adopt\u00f3 la Declaraci\u00f3n Universal de los Derechos Humanos (DUDH). La declaraci\u00f3n Universal de los Derechos Humanos es un documento hist\u00f3rico que proclama los derechos inalienables que [&hellip;]<\/p>\n","protected":false},"author":45,"featured_media":166841,"comment_status":"open","ping_status":"open","sticky":false,"template":"","format":"standard","meta":{"_monsterinsights_skip_tracking":false,"_monsterinsights_sitenote_active":false,"_monsterinsights_sitenote_note":"","_monsterinsights_sitenote_category":0,"footnotes":""},"categories":[15405],"tags":[15415],"class_list":["post-166840","post","type-post","status-publish","format-standard","has-post-thumbnail","hentry","category-alguien-como-tu","tag-gladys-perez-maldonado","wp-image-borders"],"amp_enabled":true,"_links":{"self":[{"href":"https:\/\/nvnoticias.mx\/index.php\/wp-json\/wp\/v2\/posts\/166840","targetHints":{"allow":["GET"]}}],"collection":[{"href":"https:\/\/nvnoticias.mx\/index.php\/wp-json\/wp\/v2\/posts"}],"about":[{"href":"https:\/\/nvnoticias.mx\/index.php\/wp-json\/wp\/v2\/types\/post"}],"author":[{"embeddable":true,"href":"https:\/\/nvnoticias.mx\/index.php\/wp-json\/wp\/v2\/users\/45"}],"replies":[{"embeddable":true,"href":"https:\/\/nvnoticias.mx\/index.php\/wp-json\/wp\/v2\/comments?post=166840"}],"version-history":[{"count":1,"href":"https:\/\/nvnoticias.mx\/index.php\/wp-json\/wp\/v2\/posts\/166840\/revisions"}],"predecessor-version":[{"id":166842,"href":"https:\/\/nvnoticias.mx\/index.php\/wp-json\/wp\/v2\/posts\/166840\/revisions\/166842"}],"wp:featuredmedia":[{"embeddable":true,"href":"https:\/\/nvnoticias.mx\/index.php\/wp-json\/wp\/v2\/media\/166841"}],"wp:attachment":[{"href":"https:\/\/nvnoticias.mx\/index.php\/wp-json\/wp\/v2\/media?parent=166840"}],"wp:term":[{"taxonomy":"category","embeddable":true,"href":"https:\/\/nvnoticias.mx\/index.php\/wp-json\/wp\/v2\/categories?post=166840"},{"taxonomy":"post_tag","embeddable":true,"href":"https:\/\/nvnoticias.mx\/index.php\/wp-json\/wp\/v2\/tags?post=166840"}],"curies":[{"name":"wp","href":"https:\/\/api.w.org\/{rel}","templated":true}]}}