{"id":166741,"date":"2024-12-07T13:47:40","date_gmt":"2024-12-07T19:47:40","guid":{"rendered":"https:\/\/nvnoticias.mx\/?p=166741"},"modified":"2024-12-07T13:47:41","modified_gmt":"2024-12-07T19:47:41","slug":"se-esperan-40-mil-peregrinos-en-xalapa-por-dia-de-la-virgen","status":"publish","type":"post","link":"https:\/\/nvnoticias.mx\/index.php\/2024\/12\/07\/se-esperan-40-mil-peregrinos-en-xalapa-por-dia-de-la-virgen\/","title":{"rendered":"Se esperan 40 mil peregrinos en Xalapa por D\u00eda de la Virgen"},"content":{"rendered":"\n<p><strong>Sam Ojeda | NV Noticias<\/strong><\/p>\n\n\n\n<p>Xalapa. En la bas\u00edlica menor de El Dique se espera allegada de40 mil peregrinos, indic\u00f3 el director de Protecci\u00f3n Civil de Xalapa, Luis Sardi\u00f1a Salgado.<\/p>\n\n\n\n<p>Por ello ya se puso en marcha un operativo para asistir la llegada de los fieles cat\u00f3licos a este recinto mariano con motivo del D\u00eda de la Virgen.<\/p>\n\n\n\n<blockquote class=\"wp-block-quote is-layout-flow wp-block-quote-is-layout-flow\">\n<p>&#8220;Ya tenemos reuniones con los curas de la iglesia de Guadalupe y trabajamos en coordinaci\u00f3n con el Gobierno estatal y comercio municipal en virtud de que se ponen muchos puestos esos d\u00edas&#8221;, se\u00f1al\u00f3.<\/p>\n<\/blockquote>\n\n\n\n<p>El funcionario municipal precis\u00f3 que para la pr\u00f3xima semana se espera un promedio de 300 peregrinaciones y con un aproximado de 40 mil gentes.<\/p>\n\n\n\n<blockquote class=\"wp-block-quote is-layout-flow wp-block-quote-is-layout-flow\">\n<p>&#8220;Depende mucho tambi\u00e9n del clima, de la temperatura, de la temporada invernal&#8221;, coment\u00f3.<\/p>\n<\/blockquote>\n\n\n\n<p>Sardi\u00f1a Salgado pidi\u00f3 a los peregrinos evitar llevar a menores y a personas con discapacidad.<\/p>\n\n\n\n<p>Sin embargo, record\u00f3 que: &#8220;Si los van a traer, que los lleven con todas las medidas preventivas y de seguridad&#8221;.<\/p>\n","protected":false},"excerpt":{"rendered":"<p>Sam Ojeda | NV Noticias Xalapa. En la bas\u00edlica menor de El Dique se espera allegada de40 mil peregrinos, indic\u00f3 el director de Protecci\u00f3n Civil de Xalapa, Luis Sardi\u00f1a Salgado. Por ello ya se puso en marcha un operativo para asistir la llegada de los fieles cat\u00f3licos a este recinto mariano con motivo del D\u00eda [&hellip;]<\/p>\n","protected":false},"author":35,"featured_media":33653,"comment_status":"open","ping_status":"open","sticky":false,"template":"","format":"standard","meta":{"_monsterinsights_skip_tracking":false,"_monsterinsights_sitenote_active":false,"_monsterinsights_sitenote_note":"","_monsterinsights_sitenote_category":0,"footnotes":""},"categories":[156],"tags":[31312,312],"class_list":["post-166741","post","type-post","status-publish","format-standard","has-post-thumbnail","hentry","category-estado","tag-dia-de-la-virgen","tag-xalapa","wp-image-borders"],"amp_enabled":true,"_links":{"self":[{"href":"https:\/\/nvnoticias.mx\/index.php\/wp-json\/wp\/v2\/posts\/166741","targetHints":{"allow":["GET"]}}],"collection":[{"href":"https:\/\/nvnoticias.mx\/index.php\/wp-json\/wp\/v2\/posts"}],"about":[{"href":"https:\/\/nvnoticias.mx\/index.php\/wp-json\/wp\/v2\/types\/post"}],"author":[{"embeddable":true,"href":"https:\/\/nvnoticias.mx\/index.php\/wp-json\/wp\/v2\/users\/35"}],"replies":[{"embeddable":true,"href":"https:\/\/nvnoticias.mx\/index.php\/wp-json\/wp\/v2\/comments?post=166741"}],"version-history":[{"count":1,"href":"https:\/\/nvnoticias.mx\/index.php\/wp-json\/wp\/v2\/posts\/166741\/revisions"}],"predecessor-version":[{"id":166742,"href":"https:\/\/nvnoticias.mx\/index.php\/wp-json\/wp\/v2\/posts\/166741\/revisions\/166742"}],"wp:featuredmedia":[{"embeddable":true,"href":"https:\/\/nvnoticias.mx\/index.php\/wp-json\/wp\/v2\/media\/33653"}],"wp:attachment":[{"href":"https:\/\/nvnoticias.mx\/index.php\/wp-json\/wp\/v2\/media?parent=166741"}],"wp:term":[{"taxonomy":"category","embeddable":true,"href":"https:\/\/nvnoticias.mx\/index.php\/wp-json\/wp\/v2\/categories?post=166741"},{"taxonomy":"post_tag","embeddable":true,"href":"https:\/\/nvnoticias.mx\/index.php\/wp-json\/wp\/v2\/tags?post=166741"}],"curies":[{"name":"wp","href":"https:\/\/api.w.org\/{rel}","templated":true}]}}