{"id":166726,"date":"2024-12-07T11:52:39","date_gmt":"2024-12-07T17:52:39","guid":{"rendered":"https:\/\/nvnoticias.mx\/?p=166726"},"modified":"2024-12-07T11:52:41","modified_gmt":"2024-12-07T17:52:41","slug":"eugenio-derbez-explota-ante-selena-gomez-y-revela-lo-que-piensa-de-su-actuacion","status":"publish","type":"post","link":"https:\/\/nvnoticias.mx\/index.php\/2024\/12\/07\/eugenio-derbez-explota-ante-selena-gomez-y-revela-lo-que-piensa-de-su-actuacion\/","title":{"rendered":"Eugenio Derbez explota ante Selena Gomez y revela lo que piensa de su actuaci\u00f3n"},"content":{"rendered":"\n<p>El comediante y productor mexicano Eugenio Derbez ha vuelto a generar pol\u00e9mica en redes sociales al dar una de las opiniones m\u00e1s controversiales sobre una de las actrices favoritas de Hollywood, Selena Gomez.<\/p>\n\n\n\n<p> Esta vez su opini\u00f3n se debe a su participaci\u00f3n en \u201cEmilia P\u00e9rez\u201d, una pel\u00edcula que ha causado furor en festivales internacionales pero que, seg\u00fan Derbez, no refleja de manera aut\u00e9ntica la cultura latina, por lo que se ha sentido bastante ofendido. <\/p>\n\n\n\n<p>Durante una entrevista con Gaby Meza, una popular creadora de contenido enfocada en cine, Derbez no se contuvo y lanz\u00f3 fuertes comentarios sobre la actuaci\u00f3n de la cantante y actriz estadounidense con ascendencia mexicana. Las opiniones del comediante han generado tanto apoyo como controversia, avivando el debate sobre la representaci\u00f3n de la comunidad latina en el cine global. <\/p>\n\n\n\n<p>En un tono cr\u00edtico, el pap\u00e1 de Aislinn Derbez, expres\u00f3 su decepci\u00f3n con la elecci\u00f3n de Selena para un papel clave en \u201cEmilia P\u00e9rez\u201d. \u201cSelena es indefendible\u201d, sentenci\u00f3 Derbez, agregando que durante el visionado de la pel\u00edcula, \u00e9l y otros presentes no pudieron evitar mirarse con sorpresa en ciertas escenas. <\/p>\n\n\n\n<p>\u201cNos volte\u00e1bamos a ver como diciendo, wow, \u00bfqu\u00e9 es esto?\u201d, explic\u00f3. <\/p>\n\n\n\n<p>El comentario no solo pone en cuesti\u00f3n la capacidad actoral de la tambi\u00e9n cantante, sino que tambi\u00e9n destaca un problema m\u00e1s grave, que es la desconexi\u00f3n que persiste en la industria cinematogr\u00e1fica a la hora de representar de manera genuina las experiencias de los latinos. <\/p>\n\n\n\n<p>Uno de los puntos centrales de la cr\u00edtica de Derbez es la falta de representaci\u00f3n aut\u00e9ntica dentro de \u201cEmilia P\u00e9rez\u201d. El actor y productor mexicano se\u00f1al\u00f3 que proyectos tan importantes y aclamados deber\u00edan ofrecer oportunidades a actores latinos que puedan aportar no solo talento, sino una comprensi\u00f3n profunda de la cultura que buscan retratar.<\/p>\n\n\n\n<p> \u201cEs fundamental que los proyectos de cine no solo incluyan a actores latinos, sino que estos reflejen de manera genuina la diversidad y riqueza de la cultura\u201d, subray\u00f3 Derbez durante la entrevista. <\/p>\n","protected":false},"excerpt":{"rendered":"<p>El comediante y productor mexicano Eugenio Derbez ha vuelto a generar pol\u00e9mica en redes sociales al dar una de las opiniones m\u00e1s controversiales sobre una de las actrices favoritas de Hollywood, Selena Gomez. Esta vez su opini\u00f3n se debe a su participaci\u00f3n en \u201cEmilia P\u00e9rez\u201d, una pel\u00edcula que ha causado furor en festivales internacionales pero [&hellip;]<\/p>\n","protected":false},"author":35,"featured_media":158877,"comment_status":"open","ping_status":"open","sticky":false,"template":"","format":"standard","meta":{"_monsterinsights_skip_tracking":false,"_monsterinsights_sitenote_active":false,"_monsterinsights_sitenote_note":"","_monsterinsights_sitenote_category":0,"footnotes":""},"categories":[576],"tags":[7368,126],"class_list":["post-166726","post","type-post","status-publish","format-standard","has-post-thumbnail","hentry","category-ocio","tag-eugenio-derbez","tag-selena-gomez","wp-image-borders"],"amp_enabled":true,"_links":{"self":[{"href":"https:\/\/nvnoticias.mx\/index.php\/wp-json\/wp\/v2\/posts\/166726","targetHints":{"allow":["GET"]}}],"collection":[{"href":"https:\/\/nvnoticias.mx\/index.php\/wp-json\/wp\/v2\/posts"}],"about":[{"href":"https:\/\/nvnoticias.mx\/index.php\/wp-json\/wp\/v2\/types\/post"}],"author":[{"embeddable":true,"href":"https:\/\/nvnoticias.mx\/index.php\/wp-json\/wp\/v2\/users\/35"}],"replies":[{"embeddable":true,"href":"https:\/\/nvnoticias.mx\/index.php\/wp-json\/wp\/v2\/comments?post=166726"}],"version-history":[{"count":1,"href":"https:\/\/nvnoticias.mx\/index.php\/wp-json\/wp\/v2\/posts\/166726\/revisions"}],"predecessor-version":[{"id":166728,"href":"https:\/\/nvnoticias.mx\/index.php\/wp-json\/wp\/v2\/posts\/166726\/revisions\/166728"}],"wp:featuredmedia":[{"embeddable":true,"href":"https:\/\/nvnoticias.mx\/index.php\/wp-json\/wp\/v2\/media\/158877"}],"wp:attachment":[{"href":"https:\/\/nvnoticias.mx\/index.php\/wp-json\/wp\/v2\/media?parent=166726"}],"wp:term":[{"taxonomy":"category","embeddable":true,"href":"https:\/\/nvnoticias.mx\/index.php\/wp-json\/wp\/v2\/categories?post=166726"},{"taxonomy":"post_tag","embeddable":true,"href":"https:\/\/nvnoticias.mx\/index.php\/wp-json\/wp\/v2\/tags?post=166726"}],"curies":[{"name":"wp","href":"https:\/\/api.w.org\/{rel}","templated":true}]}}