{"id":166635,"date":"2024-12-06T12:34:24","date_gmt":"2024-12-06T18:34:24","guid":{"rendered":"https:\/\/nvnoticias.mx\/?p=166635"},"modified":"2024-12-06T12:34:26","modified_gmt":"2024-12-06T18:34:26","slug":"aumento-al-salario-busca-bienestar-para-empresarios-y-trabajadores","status":"publish","type":"post","link":"https:\/\/nvnoticias.mx\/index.php\/2024\/12\/06\/aumento-al-salario-busca-bienestar-para-empresarios-y-trabajadores\/","title":{"rendered":"Aumento al salario busca bienestar para empresarios y trabajadores"},"content":{"rendered":"\n<p><\/p>\n\n\n\n<p><strong>Sam Ojeda \/ NV Noticias<\/strong><\/p>\n\n\n\n<p>Xalapa.- El secretario de Trabajo, Previsi\u00f3n Social y Productividad, Luis Arturo Santiago Mart\u00ednez, afirm\u00f3 que el aumento al salario m\u00ednimo programado para el 2025 debe ser entendido como una pol\u00edtica p\u00fablica que busca bienestar para empresarios y trabajadores. <\/p>\n\n\n\n<p>En entrevista, record\u00f3 que el aumento al salario a partir de enero de 2025 se pact\u00f3 en 12 por ciento. <\/p>\n\n\n\n<p>Esto quiere decir que se establecer\u00e1 en 278.88 pesos diarios, lo que se traduce en 8 mil 364 pesos mensuales.<\/p>\n\n\n\n<p>Santiago Mart\u00ednez consider\u00f3 que avalar el incremento de manera un\u00e1nime es muestra de que existe una convicci\u00f3n de la clase empresarial por apoyar esta pol\u00edtica. <\/p>\n\n\n\n<p>En ese sentido afirm\u00f3 que lo que se busca es que el bienestar sea compartido entre quienes invierten en M\u00e9xico pero tambi\u00e9n con los trabajadores. <\/p>\n\n\n\n<p>\u201cPor unanimidad han estado de acuerdo con el incremento salarial porque el bienestar debe ser compartido\u201d.<\/p>\n\n\n\n<p>Por ello, dijo que se debe recordar que es una pol\u00edtica p\u00fablica nueva que debe e generar bienestar para el empresario pero tambi\u00e9n para el trabajador. <\/p>\n\n\n\n<p>En el caso de Veracruz dijo que ademas durante el pr\u00f3ximo a\u00f1o se impulsar\u00e1n los polos de desarrollo pues estos generar\u00e1n miles de empleos en la entidad.<\/p>\n\n\n\n<p><\/p>\n","protected":false},"excerpt":{"rendered":"<p>Sam Ojeda \/ NV Noticias Xalapa.- El secretario de Trabajo, Previsi\u00f3n Social y Productividad, Luis Arturo Santiago Mart\u00ednez, afirm\u00f3 que el aumento al salario m\u00ednimo programado para el 2025 debe ser entendido como una pol\u00edtica p\u00fablica que busca bienestar para empresarios y trabajadores. En entrevista, record\u00f3 que el aumento al salario a partir de enero [&hellip;]<\/p>\n","protected":false},"author":8,"featured_media":84383,"comment_status":"open","ping_status":"open","sticky":false,"template":"","format":"standard","meta":{"_monsterinsights_skip_tracking":false,"_monsterinsights_sitenote_active":false,"_monsterinsights_sitenote_note":"","_monsterinsights_sitenote_category":0,"footnotes":""},"categories":[156],"tags":[3109,1161],"class_list":["post-166635","post","type-post","status-publish","format-standard","has-post-thumbnail","hentry","category-estado","tag-aumento","tag-salario-minimo","wp-image-borders"],"amp_enabled":true,"_links":{"self":[{"href":"https:\/\/nvnoticias.mx\/index.php\/wp-json\/wp\/v2\/posts\/166635","targetHints":{"allow":["GET"]}}],"collection":[{"href":"https:\/\/nvnoticias.mx\/index.php\/wp-json\/wp\/v2\/posts"}],"about":[{"href":"https:\/\/nvnoticias.mx\/index.php\/wp-json\/wp\/v2\/types\/post"}],"author":[{"embeddable":true,"href":"https:\/\/nvnoticias.mx\/index.php\/wp-json\/wp\/v2\/users\/8"}],"replies":[{"embeddable":true,"href":"https:\/\/nvnoticias.mx\/index.php\/wp-json\/wp\/v2\/comments?post=166635"}],"version-history":[{"count":1,"href":"https:\/\/nvnoticias.mx\/index.php\/wp-json\/wp\/v2\/posts\/166635\/revisions"}],"predecessor-version":[{"id":166636,"href":"https:\/\/nvnoticias.mx\/index.php\/wp-json\/wp\/v2\/posts\/166635\/revisions\/166636"}],"wp:featuredmedia":[{"embeddable":true,"href":"https:\/\/nvnoticias.mx\/index.php\/wp-json\/wp\/v2\/media\/84383"}],"wp:attachment":[{"href":"https:\/\/nvnoticias.mx\/index.php\/wp-json\/wp\/v2\/media?parent=166635"}],"wp:term":[{"taxonomy":"category","embeddable":true,"href":"https:\/\/nvnoticias.mx\/index.php\/wp-json\/wp\/v2\/categories?post=166635"},{"taxonomy":"post_tag","embeddable":true,"href":"https:\/\/nvnoticias.mx\/index.php\/wp-json\/wp\/v2\/tags?post=166635"}],"curies":[{"name":"wp","href":"https:\/\/api.w.org\/{rel}","templated":true}]}}