{"id":16660,"date":"2021-06-20T12:31:53","date_gmt":"2021-06-20T17:31:53","guid":{"rendered":"https:\/\/nvnoticias.mx\/?p=16660"},"modified":"2021-06-20T12:31:54","modified_gmt":"2021-06-20T17:31:54","slug":"felicita-amlo-a-los-papas-en-su-dia","status":"publish","type":"post","link":"https:\/\/nvnoticias.mx\/index.php\/2021\/06\/20\/felicita-amlo-a-los-papas-en-su-dia\/","title":{"rendered":"Felicita AMLO a los pap\u00e1s en su d\u00eda"},"content":{"rendered":"\n<p>Este domingo, a trav\u00e9s de sus redes sociales, el presidente Andr\u00e9s Manuel L\u00f3pez Obrador emiti\u00f3 una felicitaci\u00f3n a todos los pap\u00e1s en su d\u00eda.<\/p>\n\n\n\n<p>L\u00f3pez Obrador comparti\u00f3 un mensaje acompa\u00f1ado de una fotograf\u00eda al lado de su padre Andr\u00e9s L\u00f3pez Ram\u00f3n, quien fuera esposo de Manuela Obrador Gonz\u00e1lez con quien tuvo a siete hijos, entre ellos el mandatario.<\/p>\n\n\n\n<figure class=\"wp-block-embed aligncenter is-type-rich is-provider-twitter wp-block-embed-twitter\"><div class=\"wp-block-embed__wrapper\">\n<blockquote class=\"twitter-tweet\" data-width=\"550\" data-dnt=\"true\"><p lang=\"es\" dir=\"ltr\">Felicidades a los pap\u00e1s, est\u00e9n donde est\u00e9n, con admiraci\u00f3n, respeto y cari\u00f1o. <a href=\"https:\/\/t.co\/sFD9DrmDVt\">pic.twitter.com\/sFD9DrmDVt<\/a><\/p>&mdash; Andr\u00e9s Manuel (@lopezobrador_) <a href=\"https:\/\/twitter.com\/lopezobrador_\/status\/1406609955373740042?ref_src=twsrc%5Etfw\">June 20, 2021<\/a><\/blockquote><script async src=\"https:\/\/platform.twitter.com\/widgets.js\" charset=\"utf-8\"><\/script>\n<\/div><\/figure>\n","protected":false},"excerpt":{"rendered":"<p>Este domingo, a trav\u00e9s de sus redes sociales, el presidente Andr\u00e9s Manuel L\u00f3pez Obrador emiti\u00f3 una felicitaci\u00f3n a todos los pap\u00e1s en su d\u00eda. L\u00f3pez Obrador comparti\u00f3 un mensaje acompa\u00f1ado de una fotograf\u00eda al lado de su padre Andr\u00e9s L\u00f3pez Ram\u00f3n, quien fuera esposo de Manuela Obrador Gonz\u00e1lez con quien tuvo a siete hijos, entre [&hellip;]<\/p>\n","protected":false},"author":7,"featured_media":16661,"comment_status":"open","ping_status":"open","sticky":false,"template":"","format":"standard","meta":{"_monsterinsights_skip_tracking":false,"_monsterinsights_sitenote_active":false,"_monsterinsights_sitenote_note":"","_monsterinsights_sitenote_category":0,"footnotes":""},"categories":[157],"tags":[188,648,4519,162],"class_list":["post-16660","post","type-post","status-publish","format-standard","has-post-thumbnail","hentry","category-nacional","tag-amlo","tag-andres-manuel-lopez-obrador","tag-dia-del-padre","tag-portada","wp-image-borders"],"amp_enabled":true,"_links":{"self":[{"href":"https:\/\/nvnoticias.mx\/index.php\/wp-json\/wp\/v2\/posts\/16660","targetHints":{"allow":["GET"]}}],"collection":[{"href":"https:\/\/nvnoticias.mx\/index.php\/wp-json\/wp\/v2\/posts"}],"about":[{"href":"https:\/\/nvnoticias.mx\/index.php\/wp-json\/wp\/v2\/types\/post"}],"author":[{"embeddable":true,"href":"https:\/\/nvnoticias.mx\/index.php\/wp-json\/wp\/v2\/users\/7"}],"replies":[{"embeddable":true,"href":"https:\/\/nvnoticias.mx\/index.php\/wp-json\/wp\/v2\/comments?post=16660"}],"version-history":[{"count":1,"href":"https:\/\/nvnoticias.mx\/index.php\/wp-json\/wp\/v2\/posts\/16660\/revisions"}],"predecessor-version":[{"id":16662,"href":"https:\/\/nvnoticias.mx\/index.php\/wp-json\/wp\/v2\/posts\/16660\/revisions\/16662"}],"wp:featuredmedia":[{"embeddable":true,"href":"https:\/\/nvnoticias.mx\/index.php\/wp-json\/wp\/v2\/media\/16661"}],"wp:attachment":[{"href":"https:\/\/nvnoticias.mx\/index.php\/wp-json\/wp\/v2\/media?parent=16660"}],"wp:term":[{"taxonomy":"category","embeddable":true,"href":"https:\/\/nvnoticias.mx\/index.php\/wp-json\/wp\/v2\/categories?post=16660"},{"taxonomy":"post_tag","embeddable":true,"href":"https:\/\/nvnoticias.mx\/index.php\/wp-json\/wp\/v2\/tags?post=16660"}],"curies":[{"name":"wp","href":"https:\/\/api.w.org\/{rel}","templated":true}]}}