{"id":1666,"date":"2021-01-19T12:38:03","date_gmt":"2021-01-19T18:38:03","guid":{"rendered":"https:\/\/nvnoticias.mx\/?p=1666"},"modified":"2021-01-19T12:38:03","modified_gmt":"2021-01-19T18:38:03","slug":"gobernador-debe-analizar-permanencia-de-titular-de-ssp-guizar-valladares","status":"publish","type":"post","link":"https:\/\/nvnoticias.mx\/index.php\/2021\/01\/19\/gobernador-debe-analizar-permanencia-de-titular-de-ssp-guizar-valladares\/","title":{"rendered":"Gobernador debe analizar permanencia de titular de SSP: Gu\u00edzar Valladares"},"content":{"rendered":"\n<p><strong>Sam Ojeda \/ NV Noticias<\/strong><\/p>\n\n\n\n<p>Xalapa.- La permanencia del titular de la Secretar\u00eda de Seguridad P\u00fablica (SSP), Hugo Guti\u00e9rrez Maldonado deber ser analizada tras los hechos violentos ocurridos en el sur del estado, se\u00f1al\u00f3 el diputado por el distrito de Coatzacoalcos II, Gonzalo Gu\u00edzar Valladares.<\/p>\n\n\n\n<p>Tras el hallazgo de los cad\u00e1veres 12 de personas que en Las Choapas, dijo que es claro que la pol\u00edtica de seguridad en Veracruz ha fracasado y el gobernador Cuitl\u00e1huac Garc\u00eda debe modificar la estrategia y el trabajo del titular de SSP.<\/p>\n\n\n\n<blockquote class=\"wp-block-quote is-layout-flow wp-block-quote-is-layout-flow\"><p>\u00a0\u201cPor m\u00e1s que se quiera ocultar el sol con un dedo estos son indicadores de que est\u00e1n siendo rebasados quienes est\u00e1n direccionando el tema de la seguridad en el sur y en el estado de Veracruz\u201d.<\/p><\/blockquote>\n\n\n\n<p>A\u00f1adi\u00f3 que esto ha generado que mientras la poblaci\u00f3n se mantiene en sus hogares los delincuentes anden sueltos.<\/p>\n\n\n\n<blockquote class=\"wp-block-quote is-layout-flow wp-block-quote-is-layout-flow\"><p>\u201cLa sociedad se aterroriza porque la ciudadan\u00eda est\u00e1 escondida en sus casas y los maleantes en las calles haciendo de las suyas; la pol\u00edtica p\u00fablica en materia de seguridad ha sido muy ineficiente (&#8230;) es el momento de poner orden, de parar la violencia en Veracruz, estamos muy consternados\u201d.<\/p><\/blockquote>\n\n\n\n<p>Agreg\u00f3 que sin importar si se trata de pugnas entre ganaderos o autodefensas, como se\u00f1al\u00f3 el gobernador de Veracruz, Cuitl\u00e1huac Garc\u00eda Jim\u00e9nez, haya atribuido este hecho a una pugna, nadie en el estado deber\u00eda hacer justicia por su propia mano.&nbsp;<\/p>\n\n\n\n<blockquote class=\"wp-block-quote is-layout-flow wp-block-quote-is-layout-flow\"><p>\u201cSea pugna o no, sea confrontaci\u00f3n o no sea una confrontaci\u00f3n entre los perversos el estado no puede estar por debajo de esas circunstancias; el Estado debe meter orden porque est\u00e1 obligado a otorgar seguridad a los ciudadanos, a que nadie haga justicia por su propia mano\u201d.<\/p><\/blockquote>\n","protected":false},"excerpt":{"rendered":"<p>Tras el hallazgo de los cad\u00e1veres 12 de personas que en Las Choapas, dijo que es claro que la pol\u00edtica de seguridad en Veracruz ha fracasado<\/p>\n","protected":false},"author":6,"featured_media":1667,"comment_status":"open","ping_status":"open","sticky":false,"template":"","format":"standard","meta":{"_monsterinsights_skip_tracking":false,"_monsterinsights_sitenote_active":false,"_monsterinsights_sitenote_note":"","_monsterinsights_sitenote_category":0,"footnotes":""},"categories":[156],"tags":[271,162,548],"class_list":["post-1666","post","type-post","status-publish","format-standard","has-post-thumbnail","hentry","category-estado","tag-gobernador","tag-portada","tag-ssp","wp-image-borders"],"amp_enabled":true,"_links":{"self":[{"href":"https:\/\/nvnoticias.mx\/index.php\/wp-json\/wp\/v2\/posts\/1666","targetHints":{"allow":["GET"]}}],"collection":[{"href":"https:\/\/nvnoticias.mx\/index.php\/wp-json\/wp\/v2\/posts"}],"about":[{"href":"https:\/\/nvnoticias.mx\/index.php\/wp-json\/wp\/v2\/types\/post"}],"author":[{"embeddable":true,"href":"https:\/\/nvnoticias.mx\/index.php\/wp-json\/wp\/v2\/users\/6"}],"replies":[{"embeddable":true,"href":"https:\/\/nvnoticias.mx\/index.php\/wp-json\/wp\/v2\/comments?post=1666"}],"version-history":[{"count":1,"href":"https:\/\/nvnoticias.mx\/index.php\/wp-json\/wp\/v2\/posts\/1666\/revisions"}],"predecessor-version":[{"id":1668,"href":"https:\/\/nvnoticias.mx\/index.php\/wp-json\/wp\/v2\/posts\/1666\/revisions\/1668"}],"wp:featuredmedia":[{"embeddable":true,"href":"https:\/\/nvnoticias.mx\/index.php\/wp-json\/wp\/v2\/media\/1667"}],"wp:attachment":[{"href":"https:\/\/nvnoticias.mx\/index.php\/wp-json\/wp\/v2\/media?parent=1666"}],"wp:term":[{"taxonomy":"category","embeddable":true,"href":"https:\/\/nvnoticias.mx\/index.php\/wp-json\/wp\/v2\/categories?post=1666"},{"taxonomy":"post_tag","embeddable":true,"href":"https:\/\/nvnoticias.mx\/index.php\/wp-json\/wp\/v2\/tags?post=1666"}],"curies":[{"name":"wp","href":"https:\/\/api.w.org\/{rel}","templated":true}]}}