{"id":166559,"date":"2024-12-05T13:43:02","date_gmt":"2024-12-05T19:43:02","guid":{"rendered":"https:\/\/nvnoticias.mx\/?p=166559"},"modified":"2024-12-05T13:43:03","modified_gmt":"2024-12-05T19:43:03","slug":"se-centro-charli-xcx-en-el-marketing-de-su-exitoso-disco-brat-antes-que-en-su-musica","status":"publish","type":"post","link":"https:\/\/nvnoticias.mx\/index.php\/2024\/12\/05\/se-centro-charli-xcx-en-el-marketing-de-su-exitoso-disco-brat-antes-que-en-su-musica\/","title":{"rendered":"Se centr\u00f3 Charli XCX en el marketing de su exitoso disco &#8216;Brat&#8217; antes que en su m\u00fasica"},"content":{"rendered":"\n<p>La cantante, de 32 a\u00f1os, se hizo viral el verano pasado cuando utiliz\u00f3 el t\u00edtulo del \u00e1lbum para elogiar a la candidata a la presidencia de Estados Unidos, Kamala Harris, antes de que fuera derrotada por Donald Trump en la carrera a la Casa Blanca, diciendo que el t\u00e9rmino significaba alguien a quien le encanta pasarla bien y es &#8220;franca&#8221; y vulnerable.<\/p>\n\n\n\n<p>Ahora ha contado a Variety, en un nuevo art\u00edculo de portada para la revista, la estrategia de ventas que hay detr\u00e1s de &#8216;Brat&#8217;: &#8220;Normalmente, cuando grabo un disco, hay una fase de transici\u00f3n en la que pienso c\u00f3mo presentar la m\u00fasica. Pero con \u00e9ste, en realidad lo hice primero: pensaba en el marketing antes de hacer la m\u00fasica. Primero tuve el t\u00edtulo, que fue una herramienta de escritura muy \u00fatil. Puso l\u00edmites a la composici\u00f3n de canciones, porque inmediatamente si estaba escribiendo una canci\u00f3n con (sus colaboradores de siempre) AG Cook o Cirkut, inmediatamente ser\u00eda como: &#8216;Eso no es de mocosos&#8217;, y pasar\u00edamos a hacer algo que fuera de mocosos&#8221;.<\/p>\n\n\n\n<p>Y aclar\u00f3 el significado de &#8220;mocoso&#8221;: &#8220;La idea de ser un mocoso me parece interesante, porque \u00bfpor qu\u00e9 la gente es mocosa? \u00bfPor qu\u00e9 la gente se porta mal y es dif\u00edcil y se porta mal? Creo que es porque a veces est\u00e1s sobrecompensando la inseguridad o sinti\u00e9ndote inc\u00f3modo, y creo que ah\u00ed es donde las dos cosas encajan&#8221;.<\/p>\n\n\n\n<p>Charli concedi\u00f3 su entrevista en el marco del n\u00famero &#8216;Hitmakers&#8217; de Variety, y habl\u00f3 con la editora ejecutiva de la revista, Jem Aswad.<\/p>\n\n\n\n<p>Tambi\u00e9n aprovech\u00f3 la charla para hablar de su trabajo en el \u00e1lbum de remezclas de &#8216;Brat&#8217; con Lorde y Ariana Grande y de sus planes para una futura carrera como actriz.<\/p>\n","protected":false},"excerpt":{"rendered":"<p>La cantante, de 32 a\u00f1os, se hizo viral el verano pasado cuando utiliz\u00f3 el t\u00edtulo del \u00e1lbum para elogiar a la candidata a la presidencia de Estados Unidos, Kamala Harris, antes de que fuera derrotada por Donald Trump en la carrera a la Casa Blanca, diciendo que el t\u00e9rmino significaba alguien a quien le encanta [&hellip;]<\/p>\n","protected":false},"author":35,"featured_media":165903,"comment_status":"open","ping_status":"open","sticky":false,"template":"","format":"standard","meta":{"_monsterinsights_skip_tracking":false,"_monsterinsights_sitenote_active":false,"_monsterinsights_sitenote_note":"","_monsterinsights_sitenote_category":0,"footnotes":""},"categories":[576],"tags":[31267,31097],"class_list":["post-166559","post","type-post","status-publish","format-standard","has-post-thumbnail","hentry","category-ocio","tag-brat","tag-charli-xcx","wp-image-borders"],"amp_enabled":true,"_links":{"self":[{"href":"https:\/\/nvnoticias.mx\/index.php\/wp-json\/wp\/v2\/posts\/166559","targetHints":{"allow":["GET"]}}],"collection":[{"href":"https:\/\/nvnoticias.mx\/index.php\/wp-json\/wp\/v2\/posts"}],"about":[{"href":"https:\/\/nvnoticias.mx\/index.php\/wp-json\/wp\/v2\/types\/post"}],"author":[{"embeddable":true,"href":"https:\/\/nvnoticias.mx\/index.php\/wp-json\/wp\/v2\/users\/35"}],"replies":[{"embeddable":true,"href":"https:\/\/nvnoticias.mx\/index.php\/wp-json\/wp\/v2\/comments?post=166559"}],"version-history":[{"count":1,"href":"https:\/\/nvnoticias.mx\/index.php\/wp-json\/wp\/v2\/posts\/166559\/revisions"}],"predecessor-version":[{"id":166560,"href":"https:\/\/nvnoticias.mx\/index.php\/wp-json\/wp\/v2\/posts\/166559\/revisions\/166560"}],"wp:featuredmedia":[{"embeddable":true,"href":"https:\/\/nvnoticias.mx\/index.php\/wp-json\/wp\/v2\/media\/165903"}],"wp:attachment":[{"href":"https:\/\/nvnoticias.mx\/index.php\/wp-json\/wp\/v2\/media?parent=166559"}],"wp:term":[{"taxonomy":"category","embeddable":true,"href":"https:\/\/nvnoticias.mx\/index.php\/wp-json\/wp\/v2\/categories?post=166559"},{"taxonomy":"post_tag","embeddable":true,"href":"https:\/\/nvnoticias.mx\/index.php\/wp-json\/wp\/v2\/tags?post=166559"}],"curies":[{"name":"wp","href":"https:\/\/api.w.org\/{rel}","templated":true}]}}