{"id":166543,"date":"2024-12-05T12:18:30","date_gmt":"2024-12-05T18:18:30","guid":{"rendered":"https:\/\/nvnoticias.mx\/?p=166543"},"modified":"2024-12-05T12:18:32","modified_gmt":"2024-12-05T18:18:32","slug":"jubilados-piden-a-gobernadora-atender-pago-de-seguro-institucional","status":"publish","type":"post","link":"https:\/\/nvnoticias.mx\/index.php\/2024\/12\/05\/jubilados-piden-a-gobernadora-atender-pago-de-seguro-institucional\/","title":{"rendered":"Jubilados piden a Gobernadora atender pago de seguro institucional"},"content":{"rendered":"\n<p><\/p>\n\n\n\n<p><strong>Sam Ojeda \/ NV Noticias<\/strong><\/p>\n\n\n\n<p>Xalapa.- Integrantes de la Agrupaci\u00f3n de Jubilados y Pensionados del ISSSTE del Estado de Veracruz (AJUPIV) solicitaron a la gobernadora Roc\u00edo Nahle Garc\u00eda atender los pendientes de pago de seguro institucional que datan desde el Gobierno de Javier Duarte de Ochoa. <\/p>\n\n\n\n<p>Al manifestarse en la plaza Sebasti\u00e1n Lerdo de Tejada, pero sin bloquear el tr\u00e1nsito de la calle como anteriormente hac\u00edan, los jubilados afirmaron que es necesario que atienda esta demanda pues la administraci\u00f3n del ex gobernador Cuitl\u00e1huac Garc\u00eda Jim\u00e9nez incumpli\u00f3 con el pago prometido. <\/p>\n\n\n\n<p>Al respecto, una de las manifestantes afirm\u00f3 que una de sus principales demandas es el pago del seguro institucional a los familiares de jubilados y pensionados fallecidos del 1 de noviembre de 2021 a la fecha.<\/p>\n\n\n\n<p>\u201cDurante el gobierno de Cuitl\u00e1huac Garc\u00eda Jim\u00e9nez para ganar tiempo simul\u00f3 y pretendi\u00f3 enga\u00f1arnos que pagar\u00eda los seguros de vida antes de que terminara su encargo. Solo quer\u00eda ganar tiempo para poner tierra de por medio, all\u00e1 \u00e9l y su conciencia\u201d.<\/p>\n\n\n\n<p>Lamentaron que la pasada administraci\u00f3n excluy\u00f3 a trav\u00e9s de la Secretar\u00eda de Educaci\u00f3n de Veracruz (SEV) a todos los trabajadores jubilados del beneficio del seguro institucional o de vida desde noviembre de 2021.<\/p>\n\n\n\n<p>Por ello, solicitaron a la nueva gobernadora que repare lo que consideran es una injusticia y ordene la restituci\u00f3n de esta prestaci\u00f3n.<\/p>\n\n\n\n<p>Adem\u00e1s, que sean pagadas las p\u00f3lizas de los jubilados de la SEV que ya han fallecido y los pendientes de pago de 2010 a 2016 que datan desde el Gobierno de Javier Duarte de Ochoa.<\/p>\n\n\n\n<p>Los jubilados y pensionados lograron agendar una audiencia con el secretario de Gobierno, Ricardo Ahued Bardahuil en donde abordar\u00e1n este tema. <\/p>\n","protected":false},"excerpt":{"rendered":"<p>Sam Ojeda \/ NV Noticias Xalapa.- Integrantes de la Agrupaci\u00f3n de Jubilados y Pensionados del ISSSTE del Estado de Veracruz (AJUPIV) solicitaron a la gobernadora Roc\u00edo Nahle Garc\u00eda atender los pendientes de pago de seguro institucional que datan desde el Gobierno de Javier Duarte de Ochoa. Al manifestarse en la plaza Sebasti\u00e1n Lerdo de Tejada, [&hellip;]<\/p>\n","protected":false},"author":8,"featured_media":166544,"comment_status":"open","ping_status":"open","sticky":false,"template":"","format":"standard","meta":{"_monsterinsights_skip_tracking":false,"_monsterinsights_sitenote_active":false,"_monsterinsights_sitenote_note":"","_monsterinsights_sitenote_category":0,"footnotes":""},"categories":[156],"tags":[30440,1594,28474],"class_list":["post-166543","post","type-post","status-publish","format-standard","has-post-thumbnail","hentry","category-estado","tag-ajupiv","tag-rocio-nahle","tag-seguro-institucional","wp-image-borders"],"amp_enabled":true,"_links":{"self":[{"href":"https:\/\/nvnoticias.mx\/index.php\/wp-json\/wp\/v2\/posts\/166543","targetHints":{"allow":["GET"]}}],"collection":[{"href":"https:\/\/nvnoticias.mx\/index.php\/wp-json\/wp\/v2\/posts"}],"about":[{"href":"https:\/\/nvnoticias.mx\/index.php\/wp-json\/wp\/v2\/types\/post"}],"author":[{"embeddable":true,"href":"https:\/\/nvnoticias.mx\/index.php\/wp-json\/wp\/v2\/users\/8"}],"replies":[{"embeddable":true,"href":"https:\/\/nvnoticias.mx\/index.php\/wp-json\/wp\/v2\/comments?post=166543"}],"version-history":[{"count":1,"href":"https:\/\/nvnoticias.mx\/index.php\/wp-json\/wp\/v2\/posts\/166543\/revisions"}],"predecessor-version":[{"id":166545,"href":"https:\/\/nvnoticias.mx\/index.php\/wp-json\/wp\/v2\/posts\/166543\/revisions\/166545"}],"wp:featuredmedia":[{"embeddable":true,"href":"https:\/\/nvnoticias.mx\/index.php\/wp-json\/wp\/v2\/media\/166544"}],"wp:attachment":[{"href":"https:\/\/nvnoticias.mx\/index.php\/wp-json\/wp\/v2\/media?parent=166543"}],"wp:term":[{"taxonomy":"category","embeddable":true,"href":"https:\/\/nvnoticias.mx\/index.php\/wp-json\/wp\/v2\/categories?post=166543"},{"taxonomy":"post_tag","embeddable":true,"href":"https:\/\/nvnoticias.mx\/index.php\/wp-json\/wp\/v2\/tags?post=166543"}],"curies":[{"name":"wp","href":"https:\/\/api.w.org\/{rel}","templated":true}]}}