{"id":166382,"date":"2024-12-04T08:00:00","date_gmt":"2024-12-04T14:00:00","guid":{"rendered":"https:\/\/nvnoticias.mx\/?p=166382"},"modified":"2024-12-03T19:40:17","modified_gmt":"2024-12-04T01:40:17","slug":"trumpconomics-el-futuro-de-mexico-en-la-era-del-proteccionismo","status":"publish","type":"post","link":"https:\/\/nvnoticias.mx\/index.php\/2024\/12\/04\/trumpconomics-el-futuro-de-mexico-en-la-era-del-proteccionismo\/","title":{"rendered":"Trumpconomics: El Futuro de M\u00e9xico en la Era del Proteccionismo"},"content":{"rendered":"\n<p><\/p>\n\n\n\n<figure class=\"wp-block-image size-large is-resized\"><img loading=\"lazy\" decoding=\"async\" width=\"1024\" height=\"1024\" src=\"https:\/\/nvnoticias.mx\/wp-content\/uploads\/2024\/12\/sergio-1-1024x1024.png\" alt=\"\" class=\"wp-image-166383\" style=\"width:211px;height:auto\" srcset=\"https:\/\/nvnoticias.mx\/wp-content\/uploads\/2024\/12\/sergio-1-1024x1024.png 1024w, https:\/\/nvnoticias.mx\/wp-content\/uploads\/2024\/12\/sergio-1-300x300.png 300w, https:\/\/nvnoticias.mx\/wp-content\/uploads\/2024\/12\/sergio-1-150x150.png 150w, https:\/\/nvnoticias.mx\/wp-content\/uploads\/2024\/12\/sergio-1-768x768.png 768w, https:\/\/nvnoticias.mx\/wp-content\/uploads\/2024\/12\/sergio-1-600x600.png 600w, https:\/\/nvnoticias.mx\/wp-content\/uploads\/2024\/12\/sergio-1-100x100.png 100w, https:\/\/nvnoticias.mx\/wp-content\/uploads\/2024\/12\/sergio-1.png 1080w\" sizes=\"auto, (max-width: 1024px) 100vw, 1024px\" \/><\/figure>\n\n\n\n<p><strong>Sergio Andr\u00e9s Osorno Morales<\/strong><\/p>\n\n\n\n<p>La victoria de Donald Trump sobre Kamala Harris en las elecciones presidenciales de 2024 marca el inicio de una nueva etapa en la pol\u00edtica econ\u00f3mica de Estados Unidos, una que promete reconfigurar las relaciones comerciales internacionales y, de manera particular, los lazos con M\u00e9xico. Este desenlace electoral, aunque previsible por el resurgimiento del populismo en Estados Unidos y el descontento social en el mismo, ha generado una mezcla de incertidumbre y alarma en los mercados globales. Las m\u00faltiples declaraciones del presidente electo sobre el fortalecimiento de medidas proteccionistas y el aumento de aranceles parecen estar dise\u00f1adas para consolidar su base electoral, pero sus implicaciones trascienden las fronteras pol\u00edticas y econ\u00f3micas, con consecuencias potencialmente riesgosas para ambos pa\u00edses, en especial para M\u00e9xico.<\/p>\n\n\n\n<p>El discurso proteccionista de Trump, lejos de ser una simple estrategia electoral, refleja una intenci\u00f3n clara de redefinir los t\u00e9rminos econ\u00f3micos internacionales que podemos definir como \u201cTrumpconomics\u201d reforzados en una era marcada por el unilateralismo y el repliegue de las grandes potencias hacia sus mercados internos. Sin embargo, la interdependencia econ\u00f3mica entre Estados Unidos y M\u00e9xico hace que este enfoque sea particularmente peligroso. En la \u00faltima d\u00e9cada, el comercio bilateral ha sido un motor crucial para ambas econom\u00edas, con m\u00e1s del 80% de las exportaciones mexicanas dirigidas al mercado estadounidense. Interrumpir esta din\u00e1mica mediante nuevas barreras arancelarias significar\u00eda no solo un retroceso en d\u00e9cadas de cooperaci\u00f3n econ\u00f3mica, sino tambi\u00e9n un golpe a las cadenas globales que ambos pa\u00edses comparten.<\/p>\n\n\n\n<p>La historia econ\u00f3mica reciente ofrece lecciones valiosas sobre las consecuencias del proteccionismo. La guerra comercial de Trump con China durante su primer mandato, aunque inicialmente presentada como un \u201cesfuerzo\u201d para revitalizar la industria estadounidense, termin\u00f3 por perjudicar tanto a productores como a consumidores. Estudios como el de Amiti, Redding y Weinstein (2019) publicado en The Review of Economic Studies, documentaron c\u00f3mo los aranceles impuestos en ese entonces por el presidente Trump, se tradujeron en aumentos de precios para los consumidores y p\u00e9rdidas significativas en t\u00e9rminos de eficiencia econ\u00f3mica. Aplicar un enfoque similar en la relaci\u00f3n con M\u00e9xico ser\u00eda repetir errores que ya han demostrado ser perjudiciales para el bienestar general.<\/p>\n\n\n\n<p>En el caso de M\u00e9xico, las implicaciones no solo son econ\u00f3micas, sino tambi\u00e9n sociales. Sectores clave como el automotriz, o el agroindustrial profundamente integrados con el mercado estadounidense, enfrentar\u00edan retos complicados bajo un r\u00e9gimen arancelario m\u00e1s agresivo. Esto podr\u00eda provocar una desaceleraci\u00f3n econ\u00f3mica significativa, con efectos adversos en el empleo y el desarrollo regional, particularmente en las zonas fronterizas. Por ejemplo, ciudades como Tijuana, Ciudad Ju\u00e1rez, Mexicali entre otras, dependen en gran medida de las exportaciones manufactureras y podr\u00edan experimentar un aumento dr\u00e1stico en el desempleo y una contracci\u00f3n en la inversi\u00f3n extranjera directa, lo que a su vez incrementar\u00eda problemas sociales como la migraci\u00f3n y la inseguridad.<\/p>\n\n\n\n<p>Ante este panorama, es fundamental que M\u00e9xico reeval\u00fae su estrategia econ\u00f3mica y comercial para mitigar los efectos del proteccionismo estadounidense. Una propuesta concreta y sabia ser\u00eda diversificar los mercados de exportaci\u00f3n de manera m\u00e1s agresiva. Si bien iniciativas como el T-MEC han consolidado la dependencia hacia Estados Unidos, la actual coyuntura exige explorar oportunidades con otras regiones, como la Uni\u00f3n Europea, Asia-Pac\u00edfico y Am\u00e9rica Latina. Anteriormente, se ha demostrado que la diversificaci\u00f3n estrat\u00e9gica puede amortiguar los impactos de pol\u00edticas comerciales adversas, especialmente de aquellas como el proteccionismo econ\u00f3mico ejercido por Estados Unidos.<\/p>\n\n\n\n<p>Adem\u00e1s, M\u00e9xico debe fortalecer sus capacidades internas para impulsar la competitividad y la innovaci\u00f3n. La importancia de invertir en infraestructura, desarrollando carreteras o proyectos como el tren interoce\u00e1nico, as\u00ed como fomentar la transici\u00f3n hacia una econom\u00eda verde y desarrollar sectores tecnol\u00f3gicos emergentes son pasos cruciales para reducir la vulnerabilidad frente a cambios externos. Este enfoque no solo ser\u00eda una respuesta a corto plazo, sino tambi\u00e9n una estrategia de largo alcance para reposicionar a M\u00e9xico como un actor relevante en la econom\u00eda global.<\/p>\n\n\n\n<p>Es igualmente importante que M\u00e9xico no enfrente esta situaci\u00f3n de forma aislada. La historia demuestra que los movimientos unilaterales suelen ser menos efectivos que las respuestas en conjunto. El acercamiento con China o la colaboraci\u00f3n con socios comerciales afectados por medidas similares, como Canad\u00e1 y los pa\u00edses de la Uni\u00f3n Europea, podr\u00eda permitir un frente com\u00fan en foros internacionales como la Organizaci\u00f3n Mundial del Comercio (OMC). Este esfuerzo conjunto tendr\u00eda como objetivo no solo resistir las pol\u00edticas proteccionistas, sino tambi\u00e9n reafirmar la importancia de un sistema de comercio basado en reglas y acuerdos multilaterales.<\/p>\n\n\n\n<p>En conclusi\u00f3n, la reelecci\u00f3n de Donald Trump y la consolidaci\u00f3n de su enfoque proteccionista representan un desaf\u00edo existencial para la relaci\u00f3n econ\u00f3mica entre Estados Unidos y M\u00e9xico. Sin embargo, esta crisis tambi\u00e9n puede ser una oportunidad para que M\u00e9xico redefina su estrategia econ\u00f3mica, y fortalezca su posici\u00f3n en un entorno global en transformaci\u00f3n. Si bien los costos inmediatos de estas pol\u00edticas pueden ser elevados, una respuesta inteligente y estrat\u00e9gica por parte del nuevo gobierno de Claudia Sheinbaum, podr\u00eda convertir esta amenaza en un catalizador para un M\u00e9xico m\u00e1s fuerte, competitivo y presente en diversos mercados.<\/p>\n\n\n\n<p><strong>Referencias.&nbsp;<\/strong><\/p>\n\n\n\n<p>Ram\u00edrez, M. A. (2024b). Make Trade Policy Great Again: El T-MEC entre el populismo y Trump. Norteam\u00e9rica,&nbsp; 19(1). https:\/\/doi.org\/10.22201\/cisan.24487228e.2024.1.681<\/p>\n\n\n\n<p>Correa-Cabrera, G. (2024). Trumpismo y Relaciones M\u00e9xico-Estados Unidos. Norteam\u00e9rica, 19(1).&nbsp; https:\/\/doi.org\/10.22201\/cisan.24487228e.2024.1.679<\/p>\n\n\n\n<p>Datos Mexico. (n.d.). United States. Gobierno de M\u00e9xico. Retrieved Oct 25, 2024, from https:\/\/www.economia.gob.mx\/datamexico\/en\/profile\/country\/estados-unidos<\/p>\n\n\n\n<p>The Economist. (2019, June 9). Mexico rejoices after averting Donald Trump\u2019s tariffs threat.&nbsp; https:\/\/www.economist.com\/the-americas\/2019\/06\/09\/mexico-rejoices-after-averting-donald-trumps tariffsthreat<\/p>\n\n\n\n<p>Arf, R. A. \/. (2024, October 22). Sheinbaum achaca a Trump la ca\u00edda del peso. Aristegui Noticias.&nbsp; https:\/\/aristeguinoticias.com\/2210\/dinero-y-economia\/sheinbaum-achaca-a-trump-la-caida-del-peso\/<\/p>\n\n\n\n<p>Papaleo, C. (2024, October 23). \u00bfQu\u00e9 le espera a Am\u00e9rica Latina si gana Trump o Harris? dw.com.&nbsp; https:\/\/www.dw.com\/es\/lo-que-le-espera-a-am%C3%A9rica-latina-con-un-triunfo-de-trump-o-harris-en estados-unidos\/a-70571294<\/p>\n\n\n\n<p>Staff, F. (2024, October 22). Econom\u00eda de la frontera norte resiente las advertencias de aranceles de Trump.&nbsp; Forbes M\u00e9xico. https:\/\/forbes.com.mx\/economia-de-la-frontera-norte-resiente-las-advertencias-de aranceles-de-trump\/<\/p>\n\n\n\n<p>Baldwin, R., &amp; Evenett, S. (2020). <em>Revitalizing Multilateral Trade Cooperation Amid Global Tensions<\/em>. Centre for Economic Policy Research.<\/p>\n\n\n\n<p>Amiti, M., Redding, S. J., &amp; Weinstein, D. E. (2019). The Impact of the 2018 Trade War on U.S. Prices and Welfare. <em>The Review of Economic Studies, 87<\/em>(4), 2200\u20132240.<\/p>\n","protected":false},"excerpt":{"rendered":"<p>Sergio Andr\u00e9s Osorno Morales La victoria de Donald Trump sobre Kamala Harris en las elecciones presidenciales de 2024 marca el inicio de una nueva etapa en la pol\u00edtica econ\u00f3mica de Estados Unidos, una que promete reconfigurar las relaciones comerciales internacionales y, de manera particular, los lazos con M\u00e9xico. Este desenlace electoral, aunque previsible por el [&hellip;]<\/p>\n","protected":false},"author":47,"featured_media":92081,"comment_status":"open","ping_status":"open","sticky":false,"template":"","format":"standard","meta":{"_monsterinsights_skip_tracking":false,"_monsterinsights_sitenote_active":false,"_monsterinsights_sitenote_note":"","_monsterinsights_sitenote_category":0,"footnotes":""},"categories":[28827],"tags":[31287],"class_list":["post-166382","post","type-post","status-publish","format-standard","has-post-thumbnail","hentry","category-los-estudiantes-opinan","tag-sergio-andres-osorno","wp-image-borders"],"amp_enabled":true,"_links":{"self":[{"href":"https:\/\/nvnoticias.mx\/index.php\/wp-json\/wp\/v2\/posts\/166382","targetHints":{"allow":["GET"]}}],"collection":[{"href":"https:\/\/nvnoticias.mx\/index.php\/wp-json\/wp\/v2\/posts"}],"about":[{"href":"https:\/\/nvnoticias.mx\/index.php\/wp-json\/wp\/v2\/types\/post"}],"author":[{"embeddable":true,"href":"https:\/\/nvnoticias.mx\/index.php\/wp-json\/wp\/v2\/users\/47"}],"replies":[{"embeddable":true,"href":"https:\/\/nvnoticias.mx\/index.php\/wp-json\/wp\/v2\/comments?post=166382"}],"version-history":[{"count":1,"href":"https:\/\/nvnoticias.mx\/index.php\/wp-json\/wp\/v2\/posts\/166382\/revisions"}],"predecessor-version":[{"id":166384,"href":"https:\/\/nvnoticias.mx\/index.php\/wp-json\/wp\/v2\/posts\/166382\/revisions\/166384"}],"wp:featuredmedia":[{"embeddable":true,"href":"https:\/\/nvnoticias.mx\/index.php\/wp-json\/wp\/v2\/media\/92081"}],"wp:attachment":[{"href":"https:\/\/nvnoticias.mx\/index.php\/wp-json\/wp\/v2\/media?parent=166382"}],"wp:term":[{"taxonomy":"category","embeddable":true,"href":"https:\/\/nvnoticias.mx\/index.php\/wp-json\/wp\/v2\/categories?post=166382"},{"taxonomy":"post_tag","embeddable":true,"href":"https:\/\/nvnoticias.mx\/index.php\/wp-json\/wp\/v2\/tags?post=166382"}],"curies":[{"name":"wp","href":"https:\/\/api.w.org\/{rel}","templated":true}]}}