{"id":166365,"date":"2024-12-03T13:49:10","date_gmt":"2024-12-03T19:49:10","guid":{"rendered":"https:\/\/nvnoticias.mx\/?p=166365"},"modified":"2024-12-03T13:49:11","modified_gmt":"2024-12-03T19:49:11","slug":"lisa-hop-se-vestira-de-gloriosa","status":"publish","type":"post","link":"https:\/\/nvnoticias.mx\/index.php\/2024\/12\/03\/lisa-hop-se-vestira-de-gloriosa\/","title":{"rendered":"Lisa Hop se vestir\u00e1 de Gloriosa"},"content":{"rendered":"\n<p><\/p>\n\n\n\n<p>Pa\u00edses Bajos tendr\u00e1 m\u00e1s representaci\u00f3n en El \u00c1guila de Veracruz, cuando la lanzadora Lisa Hop se vista de Gloriosa para la temporada 2025 de la Liga Mexicana de Softbol.<\/p>\n\n\n\n<p>Andrea Valdez, Gerente Deportiva de El \u00c1guila LMS a\u00f1ade un brazo con fogueo internacional, que se sumar\u00e1 al pitcheo veracruzano integrado por Yilian Torn\u00e9s, Aranza S\u00e1nchez, Lizeth Mac\u00edas y Alejandra V\u00e1squez.<\/p>\n\n\n\n<p>Lisa Hop, de 26 a\u00f1os, es una serpentinera originaria de Pa\u00edses Bajos y que forma parte del pitcheo nacional de las neerlandesas, con \u201clas tulipanes\u201d, Hop vio acci\u00f3n en las Copas del Mundo en 2023, donde tuvo marca de 0-0 y una efectividad de 2.10 en seis entradas, dos tercios, mientras que en el 2024 se fue con r\u00e9cord de 1-2 y 3.39 de efectividad en 10 entradas, un tercio.<\/p>\n\n\n\n<p>Hop adem\u00e1s de lanzadora, tambi\u00e9n juega los jardines, se caracteriza por estudiar a sus oponentes.<\/p>\n\n\n\n<p>La lanzadora neerlandesa tambi\u00e9n destaca fuera del c\u00edrculo de lanzador, Lisa Hop es Ingeniera Aeroespacial por la Universidad de Aeron\u00e1utica Embry-Riddle en Daytona Beach, Florida, actualmente estudia una Maestr\u00eda en Gesti\u00f3n de Tecnolog\u00eda.<\/p>\n\n\n\n<p>Ahora Lisa se unir\u00e1 a Maxime Van Dalen como las dos neerlandesas en la historia de El \u00c1guila Softbol.<\/p>\n\n\n\n<p>Hasta el momento as\u00ed van las extranjeras de El \u00c1guila LMS: Yilian Torn\u00e9s, Lisaidy Sam\u00f3n, Maxime Van Dalen, Sarah Edwards y Lisa Hop.<\/p>\n\n\n\n<p>El inicio de la pretemporada ser\u00e1 el 7 de enero en el Estadio Beto \u00c1vila y  se espera tener equipo completo desde el d\u00eda uno, bajo las \u00f3rdenes de Argenis Blanco.<\/p>\n\n\n\n<p><\/p>\n","protected":false},"excerpt":{"rendered":"<p>Pa\u00edses Bajos tendr\u00e1 m\u00e1s representaci\u00f3n en El \u00c1guila de Veracruz, cuando la lanzadora Lisa Hop se vista de Gloriosa para la temporada 2025 de la Liga Mexicana de Softbol. Andrea Valdez, Gerente Deportiva de El \u00c1guila LMS a\u00f1ade un brazo con fogueo internacional, que se sumar\u00e1 al pitcheo veracruzano integrado por Yilian Torn\u00e9s, Aranza S\u00e1nchez, [&hellip;]<\/p>\n","protected":false},"author":8,"featured_media":166366,"comment_status":"open","ping_status":"open","sticky":false,"template":"","format":"standard","meta":{"_monsterinsights_skip_tracking":false,"_monsterinsights_sitenote_active":false,"_monsterinsights_sitenote_note":"","_monsterinsights_sitenote_category":0,"footnotes":""},"categories":[159],"tags":[28987,31284,29152],"class_list":["post-166365","post","type-post","status-publish","format-standard","has-post-thumbnail","hentry","category-deportes","tag-el-aguila-de-veracruz-femenil","tag-lisa-hop","tag-lms","wp-image-borders"],"amp_enabled":true,"_links":{"self":[{"href":"https:\/\/nvnoticias.mx\/index.php\/wp-json\/wp\/v2\/posts\/166365","targetHints":{"allow":["GET"]}}],"collection":[{"href":"https:\/\/nvnoticias.mx\/index.php\/wp-json\/wp\/v2\/posts"}],"about":[{"href":"https:\/\/nvnoticias.mx\/index.php\/wp-json\/wp\/v2\/types\/post"}],"author":[{"embeddable":true,"href":"https:\/\/nvnoticias.mx\/index.php\/wp-json\/wp\/v2\/users\/8"}],"replies":[{"embeddable":true,"href":"https:\/\/nvnoticias.mx\/index.php\/wp-json\/wp\/v2\/comments?post=166365"}],"version-history":[{"count":1,"href":"https:\/\/nvnoticias.mx\/index.php\/wp-json\/wp\/v2\/posts\/166365\/revisions"}],"predecessor-version":[{"id":166367,"href":"https:\/\/nvnoticias.mx\/index.php\/wp-json\/wp\/v2\/posts\/166365\/revisions\/166367"}],"wp:featuredmedia":[{"embeddable":true,"href":"https:\/\/nvnoticias.mx\/index.php\/wp-json\/wp\/v2\/media\/166366"}],"wp:attachment":[{"href":"https:\/\/nvnoticias.mx\/index.php\/wp-json\/wp\/v2\/media?parent=166365"}],"wp:term":[{"taxonomy":"category","embeddable":true,"href":"https:\/\/nvnoticias.mx\/index.php\/wp-json\/wp\/v2\/categories?post=166365"},{"taxonomy":"post_tag","embeddable":true,"href":"https:\/\/nvnoticias.mx\/index.php\/wp-json\/wp\/v2\/tags?post=166365"}],"curies":[{"name":"wp","href":"https:\/\/api.w.org\/{rel}","templated":true}]}}