{"id":166303,"date":"2024-12-03T07:04:58","date_gmt":"2024-12-03T13:04:58","guid":{"rendered":"https:\/\/nvnoticias.mx\/?p=166303"},"modified":"2024-12-03T07:04:59","modified_gmt":"2024-12-03T13:04:59","slug":"fge-y-los-adelantados","status":"publish","type":"post","link":"https:\/\/nvnoticias.mx\/index.php\/2024\/12\/03\/fge-y-los-adelantados\/","title":{"rendered":"FGE y los &#8220;adelantados&#8221;"},"content":{"rendered":"\n<p><\/p>\n\n\n\n<p><strong>Ricardo Chua<\/strong><\/p>\n\n\n\n<p>Los mismos personajes que se autonombraron parte de la &#8220;vocer\u00eda&#8221; de la 4T y del ex gobernador, Cuitl\u00e1huac Garc\u00eda Jim\u00e9nez.. Son los que han metido en un predicamento a la gobernadora, Roc\u00edo Nahle Garc\u00eda.. &#8220;Carg\u00e1ndole&#8221; el tema de la presunta salida o renuncia de la Fiscal de Veracruz, Ver\u00f3nica Hern\u00e1ndez.. La cual, ni se ha ido o ha renunciado como se\u00f1alaron estos presuntos &#8220;voceros&#8221; que lo har\u00eda desde el pasado s\u00e1bado 30 de noviembre.. Y hasta ayer lunes 2 de diciembre, la titular de la FGE segu\u00eda en su cargo<\/p>\n\n\n\n<p>Eso pasa cuando se andan adelantando o creen que con hacer estos tipos de anuncios.. Continuar\u00e1n dentro del sistema de gobierno que ahora maneja Roc\u00edo Nahle.. Hay veces que alg\u00fan tipo de esos comentarios en vez de ayudar, perjudican.. Y este es uno de ellos.. Ahora en redes sociales y grupos de &#8220;whatsapps&#8221;.. Se\u00f1alan que la Fiscal le ha &#8220;ganado&#8221; la primera partida a la gobernadora.. Cuando Roc\u00edo Nahle no hizo ning\u00fan pronunciamiento al respecto.. Pero los &#8220;queda bien&#8221; ahora la tienen inmersa en una &#8220;grilla&#8221; innecesaria..<\/p>\n\n\n\n<p>Si la Fiscal de Veracruz, Ver\u00f3nica Hern\u00e1ndez, no se va o renuncia en este mes de diciembre.. Como lo dec\u00edan estos &#8220;voceros&#8221;.. El imaginario colectivo lo tomar\u00e1 como una afrenta a la gobernadora.. Un tema que debe estar en manos de los diputados locales, pero ni ellos lo han discutido.. Se hizo mucho &#8220;ruido&#8221; pero con &#8220;pocas nueces&#8221;.. Veracruz necesita que en la FGE se pongan a trabajar los temas de procuraci\u00f3n de justicia, no tener a su titular inmersa en &#8220;grillas&#8221;.. Si se va.. Ya se sabr\u00e1.. Si se queda, tambi\u00e9n.. AMEN.. SIN COMENTARIOS..<\/p>\n\n\n\n<p>CAZAR\u00cdN Y EL BIENESTAR.. Despu\u00e9s de tantas versiones, de tantas insidias y &#8220;borregos&#8221; al por mayor.. Ayer por fin, se dio el nombramiento como el nuevo delegado federal de Bienestar en Veracruz, al ex diputado local y ex Presidente de la Junta de Coordinaci\u00f3n Pol\u00edtica por 6 a\u00f1os en el Congreso del Estado, Juan Javier G\u00f3mez Cazar\u00edn.. A pesar de que el &#8220;fuego amigo&#8221; dentro del mismo partido MORENA.. Se\u00f1alaban que era una FALACIA de que el oriundo de Hueyapan de Ocampo iba a llegar a este cargo del gobierno federal..<\/p>\n\n\n\n<p>Tuvieron que pasar semanas, despu\u00e9s de que Cazar\u00edn dej\u00f3 la diputaci\u00f3n local, el pasado 4 de noviembre para que le dieran este cargo, que se supone estaba &#8220;cantando&#8221; para \u00e9l desde el mes de septiembre.. Pero este mismo se le dio apenas ayer lunes 2 de diciembre.. Un d\u00eda despu\u00e9s de que tomara protesta como gobernadora, Roc\u00edo Nahle en Veracruz.. Un dato que tambi\u00e9n los cercanos a Juan Javier G\u00f3mez, se\u00f1alaban de manera insistente.. Primero tomaba posesi\u00f3n Nahle y luego \u00e9l lo har\u00eda.. Y as\u00ed pas\u00f3..<\/p>\n\n\n\n<p>Hay que recordar que esta delegaci\u00f3n federal de Bienestar era dirigida en su momento, por el ahora senador de MORENA, Manuel Huerta Ladr\u00f3n de Guevara.. El cual dej\u00f3 a muchos personajes laborando en la dependencia.. Ya se ver\u00e1 si hay cambios en su estructura en los pr\u00f3ximos d\u00edas.. Por lo pronto, lo que le espera a G\u00f3mez Cazar\u00edn frente a la misma, ser\u00e1 un enorme trabajo, pues, estos programas son muy sensibles porque tienen que llegar a las clases m\u00e1s desprotegidas..<\/p>\n\n\n\n<p>Como dato se denota que Juan Javier G\u00f3mez Cazar\u00edn llega a este cargo.. Casi 24 horas despu\u00e9s de que se diera el ascenso de la gobernadora de Veracruz, Rocio Nahle Garc\u00eda y de la propia visita Presidencial de Claudia Sheiumbaun Pardo a la entidad.. Misma situaci\u00f3n que da a entender, que este nombramiento del ex diputado, fue &#8220;palomeado&#8221; tanto por la misma mandataria estatal como por la propia Presidenta de M\u00e9xico.. Ya lo de ayer s\u00f3lo fue oficializar su asunci\u00f3n al cargo.. TAN. TAN..<\/p>\n\n\n\n<p>PAN SIN PRI EN VERACRUZ.. Todo parece indicar que ya son muy pocas las posibilidades de que en la elecci\u00f3n a las 212 alcald\u00edas en Veracruz.. Que se llevar\u00e1 a cabo el pr\u00f3ximo a\u00f1o 2025.. Se pueda dar una alianza o coalici\u00f3n entre los partidos de oposici\u00f3n del PRI y PAN.. En pocas palabras, hay pocas esperanzas de que vayan juntos.. Todo porque sus dirigencias nacionales no se han puesto de acuerdo.. Debido a la existencia de pugnas internas en ambos partidos.. Muy complicado lo que viene..<\/p>\n\n\n\n<p>En este momento, es m\u00e1s factible en Veracruz.. De que se pueda dar una alianza entre el PAN y Movimiento Ciudadano para enfrentar a MORENA en las alcald\u00edas.. Que los blanquiazules hagan una alianza con el PRI.. Algo muy grave para ambos partidos porque como est\u00e1n las cosas.. Es probable que pierdan casi todo el poder que tienen ambos partidos en los municipios.. Ya que tambi\u00e9n corren el riesgo de que no logren tener candidatos en los 212 municipios..Qui\u00e9n quiere ser aspirante a una alcald\u00eda por la oposici\u00f3n en la entidad.. Ah\u00ed la duda.. AMEN<\/p>\n","protected":false},"excerpt":{"rendered":"<p>Ricardo Chua Los mismos personajes que se autonombraron parte de la &#8220;vocer\u00eda&#8221; de la 4T y del ex gobernador, Cuitl\u00e1huac Garc\u00eda Jim\u00e9nez.. Son los que han metido en un predicamento a la gobernadora, Roc\u00edo Nahle Garc\u00eda.. &#8220;Carg\u00e1ndole&#8221; el tema de la presunta salida o renuncia de la Fiscal de Veracruz, Ver\u00f3nica Hern\u00e1ndez.. La cual, ni [&hellip;]<\/p>\n","protected":false},"author":29,"featured_media":166304,"comment_status":"open","ping_status":"open","sticky":false,"template":"","format":"standard","meta":{"_monsterinsights_skip_tracking":false,"_monsterinsights_sitenote_active":false,"_monsterinsights_sitenote_note":"","_monsterinsights_sitenote_category":0,"footnotes":""},"categories":[245],"tags":[327],"class_list":["post-166303","post","type-post","status-publish","format-standard","has-post-thumbnail","hentry","category-dialogos-de-poder","tag-ricardo-chua","wp-image-borders"],"amp_enabled":true,"_links":{"self":[{"href":"https:\/\/nvnoticias.mx\/index.php\/wp-json\/wp\/v2\/posts\/166303","targetHints":{"allow":["GET"]}}],"collection":[{"href":"https:\/\/nvnoticias.mx\/index.php\/wp-json\/wp\/v2\/posts"}],"about":[{"href":"https:\/\/nvnoticias.mx\/index.php\/wp-json\/wp\/v2\/types\/post"}],"author":[{"embeddable":true,"href":"https:\/\/nvnoticias.mx\/index.php\/wp-json\/wp\/v2\/users\/29"}],"replies":[{"embeddable":true,"href":"https:\/\/nvnoticias.mx\/index.php\/wp-json\/wp\/v2\/comments?post=166303"}],"version-history":[{"count":1,"href":"https:\/\/nvnoticias.mx\/index.php\/wp-json\/wp\/v2\/posts\/166303\/revisions"}],"predecessor-version":[{"id":166305,"href":"https:\/\/nvnoticias.mx\/index.php\/wp-json\/wp\/v2\/posts\/166303\/revisions\/166305"}],"wp:featuredmedia":[{"embeddable":true,"href":"https:\/\/nvnoticias.mx\/index.php\/wp-json\/wp\/v2\/media\/166304"}],"wp:attachment":[{"href":"https:\/\/nvnoticias.mx\/index.php\/wp-json\/wp\/v2\/media?parent=166303"}],"wp:term":[{"taxonomy":"category","embeddable":true,"href":"https:\/\/nvnoticias.mx\/index.php\/wp-json\/wp\/v2\/categories?post=166303"},{"taxonomy":"post_tag","embeddable":true,"href":"https:\/\/nvnoticias.mx\/index.php\/wp-json\/wp\/v2\/tags?post=166303"}],"curies":[{"name":"wp","href":"https:\/\/api.w.org\/{rel}","templated":true}]}}