{"id":166247,"date":"2024-12-02T10:15:52","date_gmt":"2024-12-02T16:15:52","guid":{"rendered":"https:\/\/nvnoticias.mx\/?p=166247"},"modified":"2024-12-02T10:15:54","modified_gmt":"2024-12-02T16:15:54","slug":"habemus-gobernadora","status":"publish","type":"post","link":"https:\/\/nvnoticias.mx\/index.php\/2024\/12\/02\/habemus-gobernadora\/","title":{"rendered":"Habemus Gobernadora"},"content":{"rendered":"\n<p><\/p>\n\n\n\n<p><strong>Gladys P\u00e9rez Maldonado<\/strong><\/p>\n\n\n\n<p>Las mujeres veracruzanas estamos de celebraci\u00f3n, despu\u00e9s de 200 a\u00f1os y 84 hombres que han ocupado la silla del Ejecutivo estatal, la puerta n\u00famero 85 de la historia de nuestra Entidad se abre a una mujer.<\/p>\n\n\n\n<p>&nbsp;&nbsp;&nbsp;&nbsp;&nbsp;&nbsp;&nbsp;&nbsp;&nbsp;&nbsp;&nbsp; El pasado 2 de junio el pueblo de nuestro Estado decidi\u00f3 elegir en las urnas a <em>Norma Roc\u00edo Nahle Garc\u00eda<\/em>, como la primera Gobernadora del Estado de Veracruz, ella ostenta el t\u00edtulo universitario de ingeniera qu\u00edmica, dedicada a la pol\u00edtica veracruzana y nacional, desde la militancia del Movimiento de Regeneraci\u00f3n Nacional (MORENA), ha sido Diputada Federal, por el Distrito 11 de Veracruz (2015-2018), Senadora de la Rep\u00fablica (01.09.2018 \u2013 27.11.2024), dimiti\u00f3 de la Senadur\u00eda para ocupar el puesto de Secretaria de Energ\u00eda, en el gobierno del Presidente Andr\u00e9s Manuel L\u00f3pez Obrador, durante su encomienda fue responsable de la construcci\u00f3n de la Refiner\u00eda Dos Bocas, en el Estado de Tabasco, que cabe decir, es una de las obras magnas de la administraci\u00f3n del Presidente L\u00f3pez Obrador.<\/p>\n\n\n\n<p>&nbsp;&nbsp;&nbsp;&nbsp;&nbsp;&nbsp;&nbsp;&nbsp;&nbsp;&nbsp;&nbsp; De ra\u00edces profundas en esta tierra veracruzana, <em>Nahle Garc\u00eda<\/em> form\u00f3 su hogar y su familia al sur del Estado, en la ciudad de Coatzacoalcos y desde ah\u00ed en diversas trincheras profesionales y pol\u00edticas decidi\u00f3 servir al pueblo noble de Veracruz.<\/p>\n\n\n\n<p>&nbsp;&nbsp;&nbsp;&nbsp;&nbsp;&nbsp;&nbsp;&nbsp;&nbsp;&nbsp;&nbsp; El 1 de diciembre de 2024, es un parteaguas para la Administraci\u00f3n P\u00fablica veracruzana, se hablar\u00e1 de un antes y un despu\u00e9s de la primera Gobernadora con <em>A<\/em> de nuestra Entidad, ahora, las mujeres, ni\u00f1as, hijas, hermanas transitar\u00e1n el camino que se ha construido a lo largo y ancho de nuestro pa\u00eds de la mano de una mujer que convencida est\u00e1 de su capacidad, preparaci\u00f3n y fuerza para engrandecer el territorio devolvi\u00e9ndole la paz y seguridad que nos merecemos.<\/p>\n\n\n\n<p>&nbsp;&nbsp;&nbsp;&nbsp;&nbsp;&nbsp;&nbsp;&nbsp;&nbsp;&nbsp;&nbsp; En el discurso de Toma de Protesta en el Congreso del Estado, la Gobernadora Roc\u00edo Nahle, respaldada con la presencia en tan importante acto, de la Doctora Claudia Sheinbaum Pardo, primera Presidenta de la Rep\u00fablica Mexicana, sostuvo que en Veracruz se manifiesta el cambio con la gobernanza de una mujer e implementar\u00e1 el nuevo sistema de humanismo mexicano, donde la prioridad es atender a los que menos tienen, a los que se quedaron atr\u00e1s, a&nbsp; los olvidados de siempre.<\/p>\n\n\n\n<p>&nbsp;&nbsp;&nbsp;&nbsp;&nbsp;&nbsp;&nbsp;&nbsp;&nbsp;&nbsp;&nbsp; Agreg\u00f3 que en su Gobierno trabajar\u00e1 para erradicar cualquier tipo de discriminaci\u00f3n ya sea de g\u00e9nero, de origen, de etnia o credo.<\/p>\n\n\n\n<p>&nbsp;&nbsp;&nbsp;&nbsp;&nbsp;&nbsp;&nbsp;&nbsp;&nbsp;&nbsp;&nbsp; Relat\u00f3 c\u00f3mo para llegar a la m\u00e1s alta posici\u00f3n de la Administraci\u00f3n P\u00fablica estatal, no solo enfrent\u00f3 una batalla electoral, si no tambi\u00e9n, una batalla ideol\u00f3gica y con muestras claras de severos tintes machistas, lo que le recordaba, que no muy lejanamente a finales del siglo XIX y principios del siglo XX, a\u00fan se discut\u00eda el tema del rol de la mujer en la sociedad, incluso, se acu\u00f1aron frases como: <em>Mujer que aprende lat\u00edn, no encuentra marido, ni tiene buen fin, <\/em>o <em>Mujer que se independiza, no asiste a misa.<\/em><\/p>\n\n\n\n<p>&nbsp;&nbsp;&nbsp;&nbsp;&nbsp;&nbsp;&nbsp;&nbsp;&nbsp;&nbsp;&nbsp; As\u00ed, nuestra Gobernadora Nahle, sostuvo en su mensaje: <em>Les digo a todas las veracruzanas, a nuestras ni\u00f1as, nuestras hijas, a nuestras hermanas, tomando el dicho de nuestra Presidenta Claudia Sheinbaum, \u201cno llego sola, llegamos todas\u201d.<\/em><\/p>\n\n\n\n<p>&nbsp;&nbsp;&nbsp;&nbsp;&nbsp;&nbsp;&nbsp;&nbsp;&nbsp;&nbsp;&nbsp; En materia de Justicia para las Mujeres, la Gobernadora Roc\u00edo Nahle anunci\u00f3, que su gobierno trabajar\u00e1 de la mano con los diversos organismos estatales y con el Poder Judicial para eliminar la impunidad y que sin excusa, se aplique la justicia en este rubro de atenci\u00f3n prioritaria.<\/p>\n\n\n\n<p>&nbsp;&nbsp;&nbsp;&nbsp;&nbsp;&nbsp;&nbsp;&nbsp;&nbsp;&nbsp;&nbsp; Para llevar a cabo lo anterior, se\u00f1al\u00f3 que en el presupuesto de egresos 2025, se ha contemplado un aumento del 18% m\u00e1s, que se traduce en m\u00e1s de 400 millones de pesos mexicanos, para iniciar con la construcci\u00f3n de cuatro <em>Centros de Justicia para las Mujeres (CJM)<\/em>, que estar\u00e1n ubicados en la ciudad de Coatzacoalcos que atender\u00e1 la zona Sur de la Entidad; en el Puerto de Veracruz, que cubrir\u00e1 las necesidades en el tema de la zona Centro; en la ciudad de Orizaba, que abarcar\u00e1 la zona de las Altas Monta\u00f1as y en la ciudad de \u00c1lamo Temapache, destinado para cubrir la zona norte de nuestro Estado. Quedando en funcionamiento el existente <em>Centro de Justicia para las Mujeres <\/em>cito en la ciudad de Xalapa.<\/p>\n\n\n\n<p>&nbsp;&nbsp;&nbsp;&nbsp;&nbsp;&nbsp;&nbsp;&nbsp;&nbsp;&nbsp;&nbsp; Cabe mencionar que estos <em>CJM<\/em> cuentan con Fiscales y Jueces especializados en materia de las mujeres y ni\u00f1as, que act\u00faan con perspectiva de g\u00e9nero en aras de proteger los derechos humanos de este grupo de atenci\u00f3n prioritaria; atenci\u00f3n psicol\u00f3gica e instalaciones de resguardo para mantener seguras a todas aquellas que sufren de violencia familiar o de g\u00e9nero, incluyendo por supuesto espacios adecuados para las hijas e hijos de mujeres en resguardo.<\/p>\n\n\n\n<p>&nbsp;&nbsp;&nbsp;&nbsp;&nbsp;&nbsp;&nbsp;&nbsp;&nbsp;&nbsp;&nbsp; Roc\u00edo Nahle tambi\u00e9n dio a conocer, entre otros temas relevantes para el crecimiento y atenci\u00f3n de la sociedad veracruzana, el cambio de denominaci\u00f3n de la actual <em>Fiscal\u00eda Especializada para la Atenci\u00f3n de Violencia contra las Mujeres <\/em>a la que se le agregar\u00e1: <em>para erradicar el Feminicidio. <\/em>Se podr\u00e1 solicitar medidas de protecci\u00f3n en materia familiar y de violencia contra la mujer, sin necesidad de presentar una denuncia o que se inicie una carpeta de investigaci\u00f3n, tr\u00e1mite que se realizar\u00e1 por un Juez o Jueza en l\u00ednea.<\/p>\n\n\n\n<p>&nbsp;&nbsp;&nbsp;&nbsp;&nbsp;&nbsp;&nbsp;&nbsp;&nbsp;&nbsp;&nbsp; Finaliz\u00f3 su mensaje se\u00f1alando: <em>Si bien soy la primera, que no sea la \u00fanica, que despu\u00e9s de m\u00ed, lleguen m\u00e1s mujeres que compensemos esta deuda hist\u00f3rica, para ello, sigamos prepar\u00e1ndonos, con inteligencia y tolerancia trabajaremos con ellos para tener un Estado creciente y pr\u00f3spero y esto redituar\u00e1 en el futuro de nosotras.<\/em><\/p>\n\n\n\n<p>&nbsp;&nbsp;&nbsp;&nbsp;&nbsp;&nbsp;&nbsp;&nbsp;&nbsp;&nbsp;&nbsp; <em>Alguien como t\u00fa<\/em>, se congratula en sostener que la Gobernadora Roc\u00edo Nahle ejerce el feminismo sin t\u00edtulos, lo ejerce con acciones. El discurso que escuchamos en su Toma de Protesta se dijo por una mujer, que como todas hemos sido sujetas de violencia en alg\u00fan momento de nuestra existencia, pero que sobre todo, lo reconoce, es emp\u00e1tica y est\u00e1 dispuesta a ejercer acciones para erradicar la violencia de la vida de las mujeres y ni\u00f1as, adem\u00e1s, eliminar cualquier modo de discriminaci\u00f3n en contra de cualquiera.<\/p>\n\n\n\n<p>&nbsp;&nbsp;&nbsp;&nbsp;&nbsp;&nbsp;&nbsp;&nbsp;&nbsp;&nbsp;&nbsp; \u00a1A Veracruz le va a ir bien, muy bien!<\/p>\n","protected":false},"excerpt":{"rendered":"<p>Gladys P\u00e9rez Maldonado Las mujeres veracruzanas estamos de celebraci\u00f3n, despu\u00e9s de 200 a\u00f1os y 84 hombres que han ocupado la silla del Ejecutivo estatal, la puerta n\u00famero 85 de la historia de nuestra Entidad se abre a una mujer. &nbsp;&nbsp;&nbsp;&nbsp;&nbsp;&nbsp;&nbsp;&nbsp;&nbsp;&nbsp;&nbsp; El pasado 2 de junio el pueblo de nuestro Estado decidi\u00f3 elegir en las urnas [&hellip;]<\/p>\n","protected":false},"author":45,"featured_media":166248,"comment_status":"open","ping_status":"open","sticky":false,"template":"","format":"standard","meta":{"_monsterinsights_skip_tracking":false,"_monsterinsights_sitenote_active":false,"_monsterinsights_sitenote_note":"","_monsterinsights_sitenote_category":0,"footnotes":""},"categories":[15405],"tags":[15415],"class_list":["post-166247","post","type-post","status-publish","format-standard","has-post-thumbnail","hentry","category-alguien-como-tu","tag-gladys-perez-maldonado","wp-image-borders"],"amp_enabled":true,"_links":{"self":[{"href":"https:\/\/nvnoticias.mx\/index.php\/wp-json\/wp\/v2\/posts\/166247","targetHints":{"allow":["GET"]}}],"collection":[{"href":"https:\/\/nvnoticias.mx\/index.php\/wp-json\/wp\/v2\/posts"}],"about":[{"href":"https:\/\/nvnoticias.mx\/index.php\/wp-json\/wp\/v2\/types\/post"}],"author":[{"embeddable":true,"href":"https:\/\/nvnoticias.mx\/index.php\/wp-json\/wp\/v2\/users\/45"}],"replies":[{"embeddable":true,"href":"https:\/\/nvnoticias.mx\/index.php\/wp-json\/wp\/v2\/comments?post=166247"}],"version-history":[{"count":1,"href":"https:\/\/nvnoticias.mx\/index.php\/wp-json\/wp\/v2\/posts\/166247\/revisions"}],"predecessor-version":[{"id":166249,"href":"https:\/\/nvnoticias.mx\/index.php\/wp-json\/wp\/v2\/posts\/166247\/revisions\/166249"}],"wp:featuredmedia":[{"embeddable":true,"href":"https:\/\/nvnoticias.mx\/index.php\/wp-json\/wp\/v2\/media\/166248"}],"wp:attachment":[{"href":"https:\/\/nvnoticias.mx\/index.php\/wp-json\/wp\/v2\/media?parent=166247"}],"wp:term":[{"taxonomy":"category","embeddable":true,"href":"https:\/\/nvnoticias.mx\/index.php\/wp-json\/wp\/v2\/categories?post=166247"},{"taxonomy":"post_tag","embeddable":true,"href":"https:\/\/nvnoticias.mx\/index.php\/wp-json\/wp\/v2\/tags?post=166247"}],"curies":[{"name":"wp","href":"https:\/\/api.w.org\/{rel}","templated":true}]}}