{"id":166203,"date":"2024-11-22T13:38:00","date_gmt":"2024-11-22T19:38:00","guid":{"rendered":"https:\/\/nvnoticias.mx\/?p=166203"},"modified":"2024-12-01T20:40:32","modified_gmt":"2024-12-02T02:40:32","slug":"emite-pc-municipal-recomendaciones-por-temporada-de-frio","status":"publish","type":"post","link":"https:\/\/nvnoticias.mx\/index.php\/2024\/11\/22\/emite-pc-municipal-recomendaciones-por-temporada-de-frio\/","title":{"rendered":"Emite PC Municipal recomendaciones por temporada de fr\u00edo"},"content":{"rendered":"\n<p><\/p>\n\n\n\n<p>Xalapa, Ver.- Para prevenir afectaciones a la salud de la poblaci\u00f3n, el director de Protecci\u00f3n Civil, Luis Sardi\u00f1a Salgado, emiti\u00f3 una serie de recomendaciones ante esta temporada de fr\u00edo en la regi\u00f3n capital.<\/p>\n\n\n\n<p>El funcionario coment\u00f3 que de acuerdo con la informaci\u00f3n meteorol\u00f3gica, se prev\u00e9 que este a\u00f1o se registre el fen\u00f3meno La Ni\u00f1a, por lo que se espera que esta temporada invernal sea m\u00e1s fr\u00eda.<\/p>\n\n\n\n<p>\u201cTenemos que estar muy bien preparados para estos cambios importantes en el clima, con un fr\u00edo extremo inusual. Habr\u00e1 mucho fr\u00edo, y por la ma\u00f1ana podr\u00e1 haber un poco de calor\u201d.<\/p>\n\n\n\n<p>Ante esta situaci\u00f3n, dijo que algunas recomendaciones son: evitar cambios de temperatura, usar cubrebocas, consumir frutas y verduras, cuidar a los animales de compa\u00f1\u00eda, no usar chimeneas por tiempos prolongados para evitar intoxicaciones por mon\u00f3xido de carbono, y acudir a los centros de salud para vacunarse.<\/p>\n\n\n\n<p>Tambi\u00e9n exhort\u00f3 a la poblaci\u00f3n a mantenerse informada sobre los cambios clim\u00e1ticos en los pr\u00f3ximos d\u00edas.<\/p>\n\n\n\n<p>Asimismo, inst\u00f3 a los automovilistas a respetar los l\u00edmites de velocidad, usar cintur\u00f3n de seguridad, revisar frenos y condiciones mec\u00e1nicas de sus veh\u00edculos, as\u00ed como a usar las intermitentes en caso de presentarse neblina en la zona.<\/p>\n","protected":false},"excerpt":{"rendered":"<p>Xalapa, Ver.- Para prevenir afectaciones a la salud de la poblaci\u00f3n, el director de Protecci\u00f3n Civil, Luis Sardi\u00f1a Salgado, emiti\u00f3 una serie de recomendaciones ante esta temporada de fr\u00edo en la regi\u00f3n capital. El funcionario coment\u00f3 que de acuerdo con la informaci\u00f3n meteorol\u00f3gica, se prev\u00e9 que este a\u00f1o se registre el fen\u00f3meno La Ni\u00f1a, por [&hellip;]<\/p>\n","protected":false},"author":8,"featured_media":166204,"comment_status":"open","ping_status":"open","sticky":false,"template":"","format":"standard","meta":{"_monsterinsights_skip_tracking":false,"_monsterinsights_sitenote_active":false,"_monsterinsights_sitenote_note":"","_monsterinsights_sitenote_category":0,"footnotes":""},"categories":[156],"tags":[31274,8254,31275],"class_list":["post-166203","post","type-post","status-publish","format-standard","has-post-thumbnail","hentry","category-estado","tag-pc-de-xalapa","tag-recomendaciones","tag-temporada-de-frio","wp-image-borders"],"amp_enabled":true,"_links":{"self":[{"href":"https:\/\/nvnoticias.mx\/index.php\/wp-json\/wp\/v2\/posts\/166203","targetHints":{"allow":["GET"]}}],"collection":[{"href":"https:\/\/nvnoticias.mx\/index.php\/wp-json\/wp\/v2\/posts"}],"about":[{"href":"https:\/\/nvnoticias.mx\/index.php\/wp-json\/wp\/v2\/types\/post"}],"author":[{"embeddable":true,"href":"https:\/\/nvnoticias.mx\/index.php\/wp-json\/wp\/v2\/users\/8"}],"replies":[{"embeddable":true,"href":"https:\/\/nvnoticias.mx\/index.php\/wp-json\/wp\/v2\/comments?post=166203"}],"version-history":[{"count":1,"href":"https:\/\/nvnoticias.mx\/index.php\/wp-json\/wp\/v2\/posts\/166203\/revisions"}],"predecessor-version":[{"id":166206,"href":"https:\/\/nvnoticias.mx\/index.php\/wp-json\/wp\/v2\/posts\/166203\/revisions\/166206"}],"wp:featuredmedia":[{"embeddable":true,"href":"https:\/\/nvnoticias.mx\/index.php\/wp-json\/wp\/v2\/media\/166204"}],"wp:attachment":[{"href":"https:\/\/nvnoticias.mx\/index.php\/wp-json\/wp\/v2\/media?parent=166203"}],"wp:term":[{"taxonomy":"category","embeddable":true,"href":"https:\/\/nvnoticias.mx\/index.php\/wp-json\/wp\/v2\/categories?post=166203"},{"taxonomy":"post_tag","embeddable":true,"href":"https:\/\/nvnoticias.mx\/index.php\/wp-json\/wp\/v2\/tags?post=166203"}],"curies":[{"name":"wp","href":"https:\/\/api.w.org\/{rel}","templated":true}]}}