{"id":166105,"date":"2024-11-30T11:06:24","date_gmt":"2024-11-30T17:06:24","guid":{"rendered":"https:\/\/nvnoticias.mx\/?p=166105"},"modified":"2024-11-30T11:06:25","modified_gmt":"2024-11-30T17:06:25","slug":"el-inicio-de-un-nuevo-gobierno-es-una-oportunidad-para-transformar-veracruz","status":"publish","type":"post","link":"https:\/\/nvnoticias.mx\/index.php\/2024\/11\/30\/el-inicio-de-un-nuevo-gobierno-es-una-oportunidad-para-transformar-veracruz\/","title":{"rendered":"El inicio de un nuevo gobierno es una oportunidad para transformar Veracruz"},"content":{"rendered":"\n<p><\/p>\n\n\n\n<p>Cada inicio trae consigo oportunidades, esperanza, un impulso para hacer las cosas de manera distinta. <em>El arranque del gobierno de Roc\u00edo Nahle<\/em> no es solo un cambio pol\u00edtico; <em>es una invitaci\u00f3n a repensar c\u00f3mo interactuamos<\/em> con la pol\u00edtica, el servicio p\u00fablico y, m\u00e1s importante, con nuestra comunidad. <em>Es el momento de<\/em> dejar atr\u00e1s el escepticismo y <em>abrazar la idea de que el cambio<\/em> empieza en cada uno de nosotros. Sin embargo, no se trata de renunciar a nuestros principios, ideales o doctrinas ideol\u00f3gicas. M\u00e1s bien, <em>es una oportunidad para pensar<\/em> con sabidur\u00eda e inteligencia <em>en lo m\u00e1s conveniente para las familias<\/em> veracruzanas, y desde luego, para nuestras propias familias: para nuestros hijos, padres, hermanos y amigos. Entender que el bienestar colectivo empieza en el compromiso personal es fundamental para avanzar hacia un Veracruz m\u00e1s fuerte.<\/p>\n\n\n\n<p><em>Veracruz no se transformar\u00e1 m\u00e1gicamente ni por el esfuerzo de una sola persona,<\/em> por m\u00e1s capaz que sea nuestra nueva gobernadora. La verdadera transformaci\u00f3n requiere la suma de talentos, voluntades y esfuerzos de cada veracruzano. Desde nuestras trincheras, ya sea como estudiantes, trabajadores, empresarios, sindicalistas o ciudadanos, tenemos la responsabilidad de aportar lo mejor de nosotros para <em>construir un estado<\/em> m\u00e1s pr\u00f3spero. Y esto <em>no suceder\u00e1 desde la comodidad del sof\u00e1 o de la cama, enviando un \u201cme gusta<\/em> \u201d o un rechazo en redes sociales, insultando o quej\u00e1ndose. Veracruz no cambiar\u00e1 \u00fanicamente con se\u00f1alamientos digitales. No se construye un mejor pa\u00eds ni una mejor calidad de vida para nuestras familias desde la pasividad. Tampoco se edifican mejores condiciones para toda una sociedad siendo simples espectadores. <em>Es hora de dejar la comodidad, participar activamente y convertirnos en actores de la vida p\u00fablica de Veracruz y M\u00e9xico.<\/em> M\u00e1s importante a\u00fan, debemos ser protagonistas de nuestro propio destino, porque nuestras acciones impactan directamente en quienes m\u00e1s amamos.<\/p>\n\n\n\n<p><em>Si le va bien a Veracruz, les va bien a nuestras familias.<\/em> Si la Ing. Roc\u00edo Nahle logra consolidar proyectos y pol\u00edticas que generen desarrollo, es porque todos habremos contribuido desde nuestras posibilidades. El cambio es un trabajo compartido y colectivo.<\/p>\n\n\n\n<p><em>Hoy es el momento de actuar. Dejemos de lado la indiferencia y tomemos esta oportunidad como un punto de partida para ser mejores,<\/em> para trabajar unidos por un Veracruz m\u00e1s justo, lleno de oportunidades y esperanza. Porque cada inicio es una nueva esperanza, y el comienzo del gobierno de la Ing. Roc\u00edo Nahle nos da la posibilidad de escribir una nueva historia para nuestro estado y para nuestras familias.<\/p>\n\n\n\n<p><em>#ParaSerMejores<\/em><\/p>\n\n\n\n<p><em><strong>Dr. Jerem\u00edas Z\u00fa\u00f1iga Mezano<\/strong><\/em><\/p>\n","protected":false},"excerpt":{"rendered":"<p>Cada inicio trae consigo oportunidades, esperanza, un impulso para hacer las cosas de manera distinta. El arranque del gobierno de Roc\u00edo Nahle no es solo un cambio pol\u00edtico; es una invitaci\u00f3n a repensar c\u00f3mo interactuamos con la pol\u00edtica, el servicio p\u00fablico y, m\u00e1s importante, con nuestra comunidad. Es el momento de dejar atr\u00e1s el escepticismo [&hellip;]<\/p>\n","protected":false},"author":48,"featured_media":166106,"comment_status":"open","ping_status":"open","sticky":false,"template":"","format":"standard","meta":{"_monsterinsights_skip_tracking":false,"_monsterinsights_sitenote_active":false,"_monsterinsights_sitenote_note":"","_monsterinsights_sitenote_category":0,"footnotes":""},"categories":[30211],"tags":[30229],"class_list":["post-166105","post","type-post","status-publish","format-standard","has-post-thumbnail","hentry","category-para-ser-mejores","tag-dr-jeremias-zuniga-mezano","wp-image-borders"],"amp_enabled":true,"_links":{"self":[{"href":"https:\/\/nvnoticias.mx\/index.php\/wp-json\/wp\/v2\/posts\/166105","targetHints":{"allow":["GET"]}}],"collection":[{"href":"https:\/\/nvnoticias.mx\/index.php\/wp-json\/wp\/v2\/posts"}],"about":[{"href":"https:\/\/nvnoticias.mx\/index.php\/wp-json\/wp\/v2\/types\/post"}],"author":[{"embeddable":true,"href":"https:\/\/nvnoticias.mx\/index.php\/wp-json\/wp\/v2\/users\/48"}],"replies":[{"embeddable":true,"href":"https:\/\/nvnoticias.mx\/index.php\/wp-json\/wp\/v2\/comments?post=166105"}],"version-history":[{"count":1,"href":"https:\/\/nvnoticias.mx\/index.php\/wp-json\/wp\/v2\/posts\/166105\/revisions"}],"predecessor-version":[{"id":166107,"href":"https:\/\/nvnoticias.mx\/index.php\/wp-json\/wp\/v2\/posts\/166105\/revisions\/166107"}],"wp:featuredmedia":[{"embeddable":true,"href":"https:\/\/nvnoticias.mx\/index.php\/wp-json\/wp\/v2\/media\/166106"}],"wp:attachment":[{"href":"https:\/\/nvnoticias.mx\/index.php\/wp-json\/wp\/v2\/media?parent=166105"}],"wp:term":[{"taxonomy":"category","embeddable":true,"href":"https:\/\/nvnoticias.mx\/index.php\/wp-json\/wp\/v2\/categories?post=166105"},{"taxonomy":"post_tag","embeddable":true,"href":"https:\/\/nvnoticias.mx\/index.php\/wp-json\/wp\/v2\/tags?post=166105"}],"curies":[{"name":"wp","href":"https:\/\/api.w.org\/{rel}","templated":true}]}}