{"id":165932,"date":"2024-11-28T09:48:01","date_gmt":"2024-11-28T15:48:01","guid":{"rendered":"https:\/\/nvnoticias.mx\/?p=165932"},"modified":"2024-11-28T09:48:03","modified_gmt":"2024-11-28T15:48:03","slug":"operativo-enjambre-en-veracruz","status":"publish","type":"post","link":"https:\/\/nvnoticias.mx\/index.php\/2024\/11\/28\/operativo-enjambre-en-veracruz\/","title":{"rendered":"\u00bfOperativo enjambre en Veracruz?&#8230;"},"content":{"rendered":"\n<p><\/p>\n\n\n\n<p><strong>Ricardo Chua<\/strong><\/p>\n\n\n\n<p>Hay fuertes rumores que se vienen eventos &#8220;movidos&#8221; en Veracruz despu\u00e9s de que haya tomado protesta como gobernadora, Roc\u00edo Nahle.. Seg\u00fan &#8220;Garganta Profunda&#8221; en la entidad veracruzana podr\u00eda llegar el famoso Operativo &#8220;Enjambre&#8221;, aplicado por la autoridades de la Secretar\u00eda de Seguridad P\u00fablica federal y la Fiscal\u00eda General de la Rep\u00fablica.. Para proceder contra autoridades municipales y locales que tengan presuntos v\u00ednculos con grupos fuera de la ley en el Estado..<\/p>\n\n\n\n<p>Seg\u00fan la informaci\u00f3n que corre por algunos pasillos de poder, Veracruz ser\u00eda la segunda entidad gobernada por MORENA que se aplica tal operativo.. Y viene la pregunta: \u00bfContra qu\u00e9 alcaldes y mandos polic\u00edacos podr\u00edan proceder?.. Tal como sucedi\u00f3 en el Estado de M\u00e9xico y que provoc\u00f3 que en pleno operativo, un mando polic\u00edaco local, se diera un tiro en la sien, suicid\u00e1ndose cuando estaban ley\u00e9ndole el motivo de su detenci\u00f3n.. Esto ser\u00eda una &#8220;cacer\u00eda&#8221; en Veracruz contra presuntas autoridades con ligas delincuenciales.. ASPTM..<\/p>\n\n\n\n<p>OJO.. De darse esta acci\u00f3n que estar\u00eda encabezada por el propio secretario de Seguridad P\u00fablica federal, Omar Garc\u00eda Harfuch y las nuevas autoridades en Veracruz.. Ser\u00eda un gran apoyo que recibir\u00eda Roc\u00edo Nahle de la misma Presidenta, Claudia Sheinbaum.. Ya que esto ayudar\u00eda a la nueva gobernadora a &#8220;barrer&#8221; todo indicio de autoridades locales, tanto de su partido MORENA como de la oposici\u00f3n, de tener nexos con grupos fuera de la ley.. Empezar\u00eda con el &#8220;saneamiento&#8221; de las estructuras de gobierno en Veracruz.. Habr\u00e1 que ver.. AMEN..<\/p>\n\n\n\n<p>FGE, \u00bfDICIEMBRE ME GUSTO PA QUE TE VAYAS?.. En el &#8220;c\u00edrculo rojo&#8221; del poder pol\u00edtico en Veracruz.. Hoy en manos de MORENA.. Se comenta de manera abierta que el futuro gobierno de Veracruz, que inicia el pr\u00f3ximo domingo 1 de diciembre, ech\u00f3 a andar a la &#8220;maquinaria&#8221; para quitar el \u00faltimo resquicio de poder que dejar\u00eda Cuitl\u00e1huac Garc\u00eda y que ser\u00eda la Fiscal\u00eda General del Estado (FGE) y desde luego es hacer a un lado a su titular, Ver\u00f3nica Hern\u00e1ndez Gadians.. En pol\u00edtica, las coincidencias no existen.. Y esto ya empez\u00f3 a caminar<\/p>\n\n\n\n<p>Roc\u00edo Nahle Garc\u00eda sabe que cuenta a partir del domingo venidero con un Congreso Local donde los diputados de MORENA, PVEM y PT son MAYOR\u00cdA CALIFICADA en Veracruz.. Para hacer los cambios constitucionales locales y tambi\u00e9n para remover a los personajes que le sean &#8220;inc\u00f3modos&#8221; y que cuenten con cargos p\u00fablicos. Pero que con una votaci\u00f3n de la Legislatura del Estado, la puedan remover sin problema alguno.. Y en eso, nada puede hacer ninguno de ellos y entre las cuales se encuentra la titular de la Fiscal\u00eda de Veracruz..<\/p>\n\n\n\n<p>Hay que recordar adem\u00e1s que Ver\u00f3nica Hern\u00e1ndez siempre se le ha vinculado pol\u00edticamente con el ex secretario de Gobierno de Veracruz, Eric Cisneros Burgos, qui\u00e9n se encuentra presuntamente &#8220;exiliado&#8221; de la entidad.. Despu\u00e9s de &#8220;jugar&#8221; las contras a su propia mentora y hoy gobernadora electa.. Y que adem\u00e1s los mismos de MORENA lo acusaron de que personal a su servicio, inici\u00f3 la campa\u00f1a &#8220;negra&#8221; en contra de la propia Roc\u00edo Nahle.. Y que ella misma se quejaba en diciembre del 2023.. Un a\u00f1o despu\u00e9s, las cosas han cambiado..<\/p>\n\n\n\n<p>Ya que al retirar a Ver\u00f3nica Hern\u00e1ndez de la titular de la FGE.. Ser\u00eda como &#8220;liquidar&#8221; a todo lo que presuntamente &#8220;huela&#8221; a Patrocinio.. Para despu\u00e9s de ah\u00ed, ir por todos en la 4T que la traicionaron en Veracruz.. Y ella sabe bien quienes son y que no son de los partidos de la oposici\u00f3n.. Con eso mandar\u00eda un mensaje de firmeza, contundencia y un &#8220;manotazo&#8221; en la mesa de que ella ejerce ahora el poder en la entidad.. Ya que haciendo a un lado a la Fiscal, quedan &#8220;desprotegidos&#8221; todos los colaboradores de Cuitl\u00e1huac Garc\u00eda..<\/p>\n\n\n\n<p>Sin duda, est\u00e1 ser\u00e1 la PRIMERA PRUEBA para el Poder Legislativo de Veracruz.. Si los diputados locales de MORENA, PVEM y PT cercanos a Cuitl\u00e1huac, van a apoyar la reforma a la FGE y la posible remoci\u00f3n de la Fiscal.. Ya que se dice que no hay v\u00ednculo entre Ver\u00f3nica Hern\u00e1ndez y Roc\u00edo Nahle.. Un motivo es que al interior de la Fiscal\u00eda se comenta, que tiene varios d\u00edas que se nombr\u00f3 a la nueva Contralora Interna de la FGE y no ha cruzado palabra a\u00fan con Hern\u00e1ndez Gadians.. Y que se supone es su jefa inmediata superior.. AS\u00cd LAS COSAS..<\/p>\n\n\n\n<p>As\u00ed que si esto tiene una &#8220;lectura&#8221;, es muy sencilla predecirla.. Los que llegan, van por los que se van y haciendo a un lado a la Fiscal.. Tienen todo el camino abierto para ir primero por los &#8220;enemigos&#8221; al interior de la 4T.. Que son m\u00e1s peligrosos que la oposici\u00f3n.. Y esa Reforma Constitucional que present\u00f3 el diputado de MORENA, Diego Casta\u00f1eda para el reglamento que rige a la FGE.. Es lo que hace que quienes est\u00e1n ahora frente a la Fiscal\u00eda.. Pongan sus &#8220;barbas a remojar&#8221;.. El mensaje es m\u00e1s que claro.. EL REY A MUERTO.. VIVA LA REINA..<\/p>\n\n\n\n<p>REFLEXI\u00d3N.. Cuitl\u00e1huac Garc\u00eda Jim\u00e9nez no se fij\u00f3 en CUIDAR su s\u00e9ptimo a\u00f1o.. Que por su inexperiencia y no saber, no se dio cuenta que el a\u00f1o 7 tambi\u00e9n se cuida al final del sexenio, ya que este es, quiz\u00e1s, el m\u00e1s importante porque es su salida.. Y ahora a 2 d\u00edas de que se vaya.. Los demonios se le pueden &#8220;soltar&#8221; y puede que triunfen sobre su nueva investidura: La de ex gobernador.. En pol\u00edtica, los amigos no existen, s\u00f3lo los intereses.. EL QUE ENTENDI\u00d3, ENTENDI\u00d3.. GOOD BYE..<\/p>\n","protected":false},"excerpt":{"rendered":"<p>Ricardo Chua Hay fuertes rumores que se vienen eventos &#8220;movidos&#8221; en Veracruz despu\u00e9s de que haya tomado protesta como gobernadora, Roc\u00edo Nahle.. Seg\u00fan &#8220;Garganta Profunda&#8221; en la entidad veracruzana podr\u00eda llegar el famoso Operativo &#8220;Enjambre&#8221;, aplicado por la autoridades de la Secretar\u00eda de Seguridad P\u00fablica federal y la Fiscal\u00eda General de la Rep\u00fablica.. Para proceder [&hellip;]<\/p>\n","protected":false},"author":29,"featured_media":165933,"comment_status":"open","ping_status":"open","sticky":false,"template":"","format":"standard","meta":{"_monsterinsights_skip_tracking":false,"_monsterinsights_sitenote_active":false,"_monsterinsights_sitenote_note":"","_monsterinsights_sitenote_category":0,"footnotes":""},"categories":[245],"tags":[327],"class_list":["post-165932","post","type-post","status-publish","format-standard","has-post-thumbnail","hentry","category-dialogos-de-poder","tag-ricardo-chua","wp-image-borders"],"amp_enabled":true,"_links":{"self":[{"href":"https:\/\/nvnoticias.mx\/index.php\/wp-json\/wp\/v2\/posts\/165932","targetHints":{"allow":["GET"]}}],"collection":[{"href":"https:\/\/nvnoticias.mx\/index.php\/wp-json\/wp\/v2\/posts"}],"about":[{"href":"https:\/\/nvnoticias.mx\/index.php\/wp-json\/wp\/v2\/types\/post"}],"author":[{"embeddable":true,"href":"https:\/\/nvnoticias.mx\/index.php\/wp-json\/wp\/v2\/users\/29"}],"replies":[{"embeddable":true,"href":"https:\/\/nvnoticias.mx\/index.php\/wp-json\/wp\/v2\/comments?post=165932"}],"version-history":[{"count":1,"href":"https:\/\/nvnoticias.mx\/index.php\/wp-json\/wp\/v2\/posts\/165932\/revisions"}],"predecessor-version":[{"id":165934,"href":"https:\/\/nvnoticias.mx\/index.php\/wp-json\/wp\/v2\/posts\/165932\/revisions\/165934"}],"wp:featuredmedia":[{"embeddable":true,"href":"https:\/\/nvnoticias.mx\/index.php\/wp-json\/wp\/v2\/media\/165933"}],"wp:attachment":[{"href":"https:\/\/nvnoticias.mx\/index.php\/wp-json\/wp\/v2\/media?parent=165932"}],"wp:term":[{"taxonomy":"category","embeddable":true,"href":"https:\/\/nvnoticias.mx\/index.php\/wp-json\/wp\/v2\/categories?post=165932"},{"taxonomy":"post_tag","embeddable":true,"href":"https:\/\/nvnoticias.mx\/index.php\/wp-json\/wp\/v2\/tags?post=165932"}],"curies":[{"name":"wp","href":"https:\/\/api.w.org\/{rel}","templated":true}]}}