{"id":165863,"date":"2024-11-27T11:24:47","date_gmt":"2024-11-27T17:24:47","guid":{"rendered":"https:\/\/nvnoticias.mx\/?p=165863"},"modified":"2024-11-27T11:24:48","modified_gmt":"2024-11-27T17:24:48","slug":"responde-ebrard-a-amenaza-de-trump-sobre-subir-aranceles","status":"publish","type":"post","link":"https:\/\/nvnoticias.mx\/index.php\/2024\/11\/27\/responde-ebrard-a-amenaza-de-trump-sobre-subir-aranceles\/","title":{"rendered":"Responde Ebrard a amenaza de Trump sobre subir aranceles"},"content":{"rendered":"\n<p>Luego que el presidente electo de Estados Unidos,<strong>\u00a0Donald Trump<\/strong>, \u201camenaz\u00f3\u201d con subir los\u00a0<strong>aranceles 25% a M\u00e9xico<\/strong>\u00a0en caso de no atender la migraci\u00f3n, el titular de la Secretar\u00eda de Econom\u00eda,\u00a0<strong>Marcelo Ebrard<\/strong>\u00a0dijo que es \u201cun tiro en el pie\u201d ya que se afectar\u00eda al sector automotriz y se perder\u00edan 400 mil empleos en Estados Unidos.<\/p>\n\n\n\n<p>\u201c(Desde 1961) las importaciones han crecido cuatro veces, entonces el impacto ser\u00eda cuatro veces mayor, m\u00e1s el doble. (&#8230;) va a ser el impacto a las principales empresas de los Estados Unidos en M\u00e9xico, particularmente en el sector automotriz;<strong>\u00a0General Motors, Ford, Stellantis<\/strong>\u201d, explic\u00f3.<\/p>\n\n\n\n<p>Agreg\u00f3: \u201c(&#8230;) ese impuesto, imag\u00ednense, 25%, la primera afectaci\u00f3n son las empresas que m\u00e1s exportan, entonces cuando dice el presidente Trump, voy a ponerle a M\u00e9xico 25%, porque exporta demasiado a Estados Unidos, lo que est\u00e1 diciendo es que vamos a imponerles un impuesto a las empresas norteamericanas m\u00e1s importantes del mundo\u201d.<\/p>\n\n\n\n<p>Explic\u00f3 que dichas<strong>\u00a0empresas automotrices<\/strong>\u00a0son las que m\u00e1s exportan a M\u00e9xico, \u201cestamos muy integrados, es un impuesto que afecta primordialmente a este complejo industrial tecnol\u00f3gico. Es un tiro en el pie\u201d.<\/p>\n\n\n\n<p>Marcelo Ebrard indic\u00f3 que el incremento a los aranceles van a afectar al&nbsp;<strong>consumidor en los Estados Unidos<\/strong>, pero tambi\u00e9n a las empresas y se perder\u00edan alrededor de 400 mil empleos.<\/p>\n\n\n\n<p>\u201c\u00bfEsto de d\u00f3nde sacamos la cifra? Pues en los Estados Unidos, 400 mil empleos en Estados Unidos se perder\u00edan esos empleos y esto lo consult\u00e9 con las diferentes empresas&#8230;la estimaci\u00f3n la hace la Secretar\u00eda de Econom\u00eda con la consulta a la industria automotriz y de autopartes y todos los empleos generados en estos Estados Unidos\u201d.<\/p>\n\n\n\n<p>Fuente: <a href=\"https:\/\/www.eluniversal.com.mx\/nacion\/un-tiro-al-pie-dice-ebrard-tras-amenaza-de-trump-sobre-subir-aranceles-a-mexico-afectaria-al-sector-automotriz-destaca\/\">El Universal<\/a><\/p>\n","protected":false},"excerpt":{"rendered":"<p>Luego que el presidente electo de Estados Unidos,\u00a0Donald Trump, \u201camenaz\u00f3\u201d con subir los\u00a0aranceles 25% a M\u00e9xico\u00a0en caso de no atender la migraci\u00f3n, el titular de la Secretar\u00eda de Econom\u00eda,\u00a0Marcelo Ebrard\u00a0dijo que es \u201cun tiro en el pie\u201d ya que se afectar\u00eda al sector automotriz y se perder\u00edan 400 mil empleos en Estados Unidos. \u201c(Desde 1961) [&hellip;]<\/p>\n","protected":false},"author":35,"featured_media":165864,"comment_status":"open","ping_status":"open","sticky":false,"template":"","format":"standard","meta":{"_monsterinsights_skip_tracking":false,"_monsterinsights_sitenote_active":false,"_monsterinsights_sitenote_note":"","_monsterinsights_sitenote_category":0,"footnotes":""},"categories":[157],"tags":[230,391,162],"class_list":["post-165863","post","type-post","status-publish","format-standard","has-post-thumbnail","hentry","category-nacional","tag-donald-trump","tag-marcelo-ebrard","tag-portada","wp-image-borders"],"amp_enabled":true,"_links":{"self":[{"href":"https:\/\/nvnoticias.mx\/index.php\/wp-json\/wp\/v2\/posts\/165863","targetHints":{"allow":["GET"]}}],"collection":[{"href":"https:\/\/nvnoticias.mx\/index.php\/wp-json\/wp\/v2\/posts"}],"about":[{"href":"https:\/\/nvnoticias.mx\/index.php\/wp-json\/wp\/v2\/types\/post"}],"author":[{"embeddable":true,"href":"https:\/\/nvnoticias.mx\/index.php\/wp-json\/wp\/v2\/users\/35"}],"replies":[{"embeddable":true,"href":"https:\/\/nvnoticias.mx\/index.php\/wp-json\/wp\/v2\/comments?post=165863"}],"version-history":[{"count":1,"href":"https:\/\/nvnoticias.mx\/index.php\/wp-json\/wp\/v2\/posts\/165863\/revisions"}],"predecessor-version":[{"id":165865,"href":"https:\/\/nvnoticias.mx\/index.php\/wp-json\/wp\/v2\/posts\/165863\/revisions\/165865"}],"wp:featuredmedia":[{"embeddable":true,"href":"https:\/\/nvnoticias.mx\/index.php\/wp-json\/wp\/v2\/media\/165864"}],"wp:attachment":[{"href":"https:\/\/nvnoticias.mx\/index.php\/wp-json\/wp\/v2\/media?parent=165863"}],"wp:term":[{"taxonomy":"category","embeddable":true,"href":"https:\/\/nvnoticias.mx\/index.php\/wp-json\/wp\/v2\/categories?post=165863"},{"taxonomy":"post_tag","embeddable":true,"href":"https:\/\/nvnoticias.mx\/index.php\/wp-json\/wp\/v2\/tags?post=165863"}],"curies":[{"name":"wp","href":"https:\/\/api.w.org\/{rel}","templated":true}]}}