{"id":165842,"date":"2024-11-26T17:57:20","date_gmt":"2024-11-26T23:57:20","guid":{"rendered":"https:\/\/nvnoticias.mx\/?p=165842"},"modified":"2024-11-26T17:57:22","modified_gmt":"2024-11-26T23:57:22","slug":"donald-trump-y-la-tormenta-comercial-que-amenaza-a-mexico-y-canada","status":"publish","type":"post","link":"https:\/\/nvnoticias.mx\/index.php\/2024\/11\/26\/donald-trump-y-la-tormenta-comercial-que-amenaza-a-mexico-y-canada\/","title":{"rendered":"Donald Trump y la tormenta comercial que amenaza a M\u00e9xico y Canad\u00e1"},"content":{"rendered":"\n<p><\/p>\n\n\n\n<p><strong>Mois\u00e9s Hern\u00e1ndez Yoldi<\/strong><\/p>\n\n\n\n<p>El reciente anuncio de Donald Trump sobre la imposici\u00f3n de aranceles del 25% a productos de M\u00e9xico y Canad\u00e1 a partir del 20 de enero de 2025, apenas asuma la presidencia, es un golpe directo a la estabilidad econ\u00f3mica de Am\u00e9rica del Norte.<\/p>\n\n\n\n<p>Bajo el argumento de que ambos pa\u00edses no est\u00e1n haciendo lo suficiente para detener el flujo migratorio ilegal y la introducci\u00f3n de fentanilo a Estados Unidos, Trump est\u00e1 reavivando su agenda proteccionista y nacionalista que marc\u00f3 su primer mandato.<\/p>\n\n\n\n<p>Esta decisi\u00f3n, que ya ha generado una depreciaci\u00f3n del peso mexicano del 1.5% frente al d\u00f3lar en las \u00faltimas horas, es solo el comienzo de lo que podr\u00eda ser una crisis econ\u00f3mica y pol\u00edtica para la regi\u00f3n.<\/p>\n\n\n\n<p>El regreso de la doctrina Trump<\/p>\n\n\n\n<p>Desde su llegada al escenario pol\u00edtico, Donald Trump ha sido un defensor ac\u00e9rrimo del proteccionismo econ\u00f3mico y del \u201cAmerica First\u201d, una doctrina que busca privilegiar los intereses estadounidenses a costa de sus socios comerciales.<\/p>\n\n\n\n<p>Durante su primer mandato, esta visi\u00f3n se tradujo en la renegociaci\u00f3n del Tratado de Libre Comercio de Am\u00e9rica del Norte (TLCAN), que deriv\u00f3 en el T-MEC, un acuerdo que, aunque moderniz\u00f3 ciertos aspectos del comercio regional, tambi\u00e9n incluy\u00f3 cl\u00e1usulas que limitan la soberan\u00eda econ\u00f3mica de M\u00e9xico y Canad\u00e1.<\/p>\n\n\n\n<p>Trump ha mostrado una actitud hostil hacia M\u00e9xico y Canad\u00e1 en el pasado, acus\u00e1ndolos de aprovecharse de Estados Unidos en t\u00e9rminos comerciales y migratorios. La amenaza de nuevos aranceles, aunque no sorprendente, es una muestra m\u00e1s de su enfoque confrontativo, que ignora los principios de cooperaci\u00f3n regional y exacerba las tensiones en un momento en que la regi\u00f3n deber\u00eda estar m\u00e1s unida que nunca frente a retos globales como la guerra comercial con China.<\/p>\n\n\n\n<p>Consecuencias para M\u00e9xico y Canad\u00e1<\/p>\n\n\n\n<p>El anuncio de Trump llega en un momento de creciente fragilidad econ\u00f3mica en M\u00e9xico, marcada por una desaceleraci\u00f3n industrial y la dependencia del comercio con Estados Unidos, que representa cerca del 80% de sus exportaciones.<\/p>\n\n\n\n<p>Una tarifa del 25% impactar\u00eda gravemente sectores clave como el automotriz, el agr\u00edcola y el manufacturero, generando p\u00e9rdida de empleos, reducci\u00f3n de inversi\u00f3n extranjera y encarecimiento de productos.<\/p>\n\n\n\n<p>Para Canad\u00e1, el panorama no es menos sombr\u00edo. Su industria maderera, energ\u00e9tica y automotriz podr\u00eda enfrentar enormes dificultades para competir en el mercado estadounidense, afectando miles de empleos y comprometiendo su recuperaci\u00f3n econ\u00f3mica tras la pandemia.<\/p>\n\n\n\n<p>Adem\u00e1s, la medida amenaza con romper la cohesi\u00f3n del T-MEC, un acuerdo que, aunque firmado con tensiones, era visto como un baluarte de estabilidad para la regi\u00f3n.<\/p>\n\n\n\n<p>Trump parece dispuesto a dinamitarlo en aras de sus objetivos pol\u00edticos, dejando a Am\u00e9rica del Norte en una posici\u00f3n vulnerable frente a potencias como China y la Uni\u00f3n Europea.<\/p>\n\n\n\n<p>La personalidad de Trump y el populismo nacionalista<\/p>\n\n\n\n<p>El estilo de liderazgo de Donald Trump, caracterizado por el populismo, la ret\u00f3rica incendiaria y la toma de decisiones unilaterales, es el catalizador de esta nueva crisis. Trump ha demostrado ser un pol\u00edtico que prioriza la percepci\u00f3n de fuerza y control sobre los resultados a largo plazo.<\/p>\n\n\n\n<p>Su insistencia en culpar a M\u00e9xico y Canad\u00e1 de problemas internos en Estados Unidos, como la crisis del fentanilo o la migraci\u00f3n, no solo carece de fundamento en muchos casos, sino que tambi\u00e9n refleja su estrategia de movilizar a su base electoral apelando al miedo y al resentimiento.<\/p>\n\n\n\n<p>El proteccionismo de Trump no es m\u00e1s que un reflejo de su visi\u00f3n aislacionista. Si bien este enfoque puede generar r\u00e9ditos pol\u00edticos a corto plazo, como lo demostr\u00f3 en 2016, las consecuencias a largo plazo son desastrosas.<\/p>\n\n\n\n<p>La escalada de aranceles durante su primer mandato no solo encareci\u00f3 productos para los consumidores estadounidenses, sino que tambi\u00e9n gener\u00f3 p\u00e9rdidas para agricultores y exportadores, muchos de los cuales forman parte de su base electoral.<\/p>\n\n\n\n<p>Reacciones en M\u00e9xico: entre la divisi\u00f3n y la irresponsabilidad<\/p>\n\n\n\n<p>Lo m\u00e1s preocupante de esta situaci\u00f3n no es solo la amenaza de los aranceles, sino la reacci\u00f3n interna en M\u00e9xico. Es alarmante ver c\u00f3mo ciertos sectores de la oposici\u00f3n celebran el anuncio de Trump como una forma de castigo al gobierno de Claudia Sheinbaum y al r\u00e9gimen actual, ignorando que las consecuencias afectar\u00e1n a millones de mexicanos, independientemente de su afiliaci\u00f3n pol\u00edtica.<\/p>\n\n\n\n<p>Esta postura revela una peligrosa falta de patriotismo y un oportunismo pol\u00edtico que antepone los intereses partidistas al bienestar nacional. En lugar de buscar la unidad frente a una amenaza externa, algunos actores parecen dispuestos a ver arder la econom\u00eda mexicana con tal de ganar terreno pol\u00edtico.<\/p>\n\n\n\n<p>El panorama que se avecina<\/p>\n\n\n\n<p>La llegada de Trump al poder promete un periodo de incertidumbre y volatilidad para Am\u00e9rica del Norte. M\u00e9xico y Canad\u00e1 deben prepararse para una negociaci\u00f3n dif\u00edcil, reforzando su cooperaci\u00f3n bilateral y buscando aliados en el \u00e1mbito internacional para contrarrestar las pol\u00edticas unilaterales de Estados Unidos.<\/p>\n\n\n\n<p>En este contexto, el liderazgo de M\u00e9xico ser\u00e1 clave. Claudia Sheinbaum enfrentar\u00e1 uno de los mayores desaf\u00edos de su gobierno, no solo en t\u00e9rminos econ\u00f3micos, sino tambi\u00e9n diplom\u00e1ticos.<\/p>\n\n\n\n<p>Ser\u00e1 necesario mantener una postura firme, pero conciliadora, para evitar que las amenazas de Trump se conviertan en una realidad que comprometa el futuro de la regi\u00f3n.<\/p>\n\n\n\n<p>La amenaza de aranceles de Trump no es solo un ataque al comercio; es un ataque a la integraci\u00f3n regional, la estabilidad econ\u00f3mica y los principios de cooperaci\u00f3n.<\/p>\n\n\n\n<p>Enfrentar esta crisis requerir\u00e1 m\u00e1s que respuestas reactivas; demandar\u00e1 una visi\u00f3n estrat\u00e9gica que, hasta ahora, parece estar ausente en todos los frentes.<\/p>\n","protected":false},"excerpt":{"rendered":"<p>Mois\u00e9s Hern\u00e1ndez Yoldi El reciente anuncio de Donald Trump sobre la imposici\u00f3n de aranceles del 25% a productos de M\u00e9xico y Canad\u00e1 a partir del 20 de enero de 2025, apenas asuma la presidencia, es un golpe directo a la estabilidad econ\u00f3mica de Am\u00e9rica del Norte. Bajo el argumento de que ambos pa\u00edses no est\u00e1n [&hellip;]<\/p>\n","protected":false},"author":11,"featured_media":165843,"comment_status":"open","ping_status":"open","sticky":false,"template":"","format":"standard","meta":{"_monsterinsights_skip_tracking":false,"_monsterinsights_sitenote_active":false,"_monsterinsights_sitenote_note":"","_monsterinsights_sitenote_category":0,"footnotes":""},"categories":[429],"tags":[430],"class_list":["post-165842","post","type-post","status-publish","format-standard","has-post-thumbnail","hentry","category-artillero","tag-moises-hernandez-yoldi","wp-image-borders"],"amp_enabled":true,"_links":{"self":[{"href":"https:\/\/nvnoticias.mx\/index.php\/wp-json\/wp\/v2\/posts\/165842","targetHints":{"allow":["GET"]}}],"collection":[{"href":"https:\/\/nvnoticias.mx\/index.php\/wp-json\/wp\/v2\/posts"}],"about":[{"href":"https:\/\/nvnoticias.mx\/index.php\/wp-json\/wp\/v2\/types\/post"}],"author":[{"embeddable":true,"href":"https:\/\/nvnoticias.mx\/index.php\/wp-json\/wp\/v2\/users\/11"}],"replies":[{"embeddable":true,"href":"https:\/\/nvnoticias.mx\/index.php\/wp-json\/wp\/v2\/comments?post=165842"}],"version-history":[{"count":1,"href":"https:\/\/nvnoticias.mx\/index.php\/wp-json\/wp\/v2\/posts\/165842\/revisions"}],"predecessor-version":[{"id":165844,"href":"https:\/\/nvnoticias.mx\/index.php\/wp-json\/wp\/v2\/posts\/165842\/revisions\/165844"}],"wp:featuredmedia":[{"embeddable":true,"href":"https:\/\/nvnoticias.mx\/index.php\/wp-json\/wp\/v2\/media\/165843"}],"wp:attachment":[{"href":"https:\/\/nvnoticias.mx\/index.php\/wp-json\/wp\/v2\/media?parent=165842"}],"wp:term":[{"taxonomy":"category","embeddable":true,"href":"https:\/\/nvnoticias.mx\/index.php\/wp-json\/wp\/v2\/categories?post=165842"},{"taxonomy":"post_tag","embeddable":true,"href":"https:\/\/nvnoticias.mx\/index.php\/wp-json\/wp\/v2\/tags?post=165842"}],"curies":[{"name":"wp","href":"https:\/\/api.w.org\/{rel}","templated":true}]}}