{"id":165802,"date":"2024-11-26T11:03:08","date_gmt":"2024-11-26T17:03:08","guid":{"rendered":"https:\/\/nvnoticias.mx\/?p=165802"},"modified":"2024-11-26T11:03:10","modified_gmt":"2024-11-26T17:03:10","slug":"la-violencia-y-el-delito-se-previene-desde-casa-amor-respeto-y-responsabilidad","status":"publish","type":"post","link":"https:\/\/nvnoticias.mx\/index.php\/2024\/11\/26\/la-violencia-y-el-delito-se-previene-desde-casa-amor-respeto-y-responsabilidad\/","title":{"rendered":"La Violencia y el Delito se Previene desde Casa: Amor, Respeto y Responsabilidad"},"content":{"rendered":"\n<p><\/p>\n\n\n\n<p>En casa, Los ni\u00f1os son testigos silenciosos de lo que ocurre a su alrededor. Cuando observan violencia, insultos, agresiones y el incumplimiento de las obligaciones hacia ellos, esas experiencias no desaparecen: se acumulan en su interior, afectando profundamente sus sentimientos y su desarrollo emocional. Esta carga se refleja en agresiones en el entorno escolar y expres\u00e1ndolas con sus compa\u00f1eros.<\/p>\n\n\n\n<p>Cada ni\u00f1a y cada ni\u00f1o necesita: el tiempo y la atenci\u00f3n de sus padres. Necesitan seguridad emocional, abrazos, palabras de amor, y la certeza de que son importantes para quienes m\u00e1s aman.<\/p>\n\n\n\n<p>Recordemos que los delincuentes, los polic\u00edas, los pol\u00edticos, todos surgen de un mismo lugar: las familias.<\/p>\n\n\n\n<p>Todos necesitamos sentirnos amados, abrazados y valorados, porque eso nos convierte en mejores personas.<\/p>\n\n\n\n<h1 class=\"wp-block-heading\">ParaSerMejores<\/h1>\n\n\n\n<p>Dr. Jerem\u00edas Zu\u00f1iga Mezano<br>Experto en prevenci\u00f3n del delito, la violencia y la seguridad ciudadana<\/p>\n","protected":false},"excerpt":{"rendered":"<p>En casa, Los ni\u00f1os son testigos silenciosos de lo que ocurre a su alrededor. Cuando observan violencia, insultos, agresiones y el incumplimiento de las obligaciones hacia ellos, esas experiencias no desaparecen: se acumulan en su interior, afectando profundamente sus sentimientos y su desarrollo emocional. Esta carga se refleja en agresiones en el entorno escolar y [&hellip;]<\/p>\n","protected":false},"author":48,"featured_media":151590,"comment_status":"open","ping_status":"open","sticky":false,"template":"","format":"standard","meta":{"_monsterinsights_skip_tracking":false,"_monsterinsights_sitenote_active":false,"_monsterinsights_sitenote_note":"","_monsterinsights_sitenote_category":0,"footnotes":""},"categories":[30211],"tags":[],"class_list":["post-165802","post","type-post","status-publish","format-standard","has-post-thumbnail","hentry","category-para-ser-mejores","wp-image-borders"],"amp_enabled":true,"_links":{"self":[{"href":"https:\/\/nvnoticias.mx\/index.php\/wp-json\/wp\/v2\/posts\/165802","targetHints":{"allow":["GET"]}}],"collection":[{"href":"https:\/\/nvnoticias.mx\/index.php\/wp-json\/wp\/v2\/posts"}],"about":[{"href":"https:\/\/nvnoticias.mx\/index.php\/wp-json\/wp\/v2\/types\/post"}],"author":[{"embeddable":true,"href":"https:\/\/nvnoticias.mx\/index.php\/wp-json\/wp\/v2\/users\/48"}],"replies":[{"embeddable":true,"href":"https:\/\/nvnoticias.mx\/index.php\/wp-json\/wp\/v2\/comments?post=165802"}],"version-history":[{"count":1,"href":"https:\/\/nvnoticias.mx\/index.php\/wp-json\/wp\/v2\/posts\/165802\/revisions"}],"predecessor-version":[{"id":165803,"href":"https:\/\/nvnoticias.mx\/index.php\/wp-json\/wp\/v2\/posts\/165802\/revisions\/165803"}],"wp:featuredmedia":[{"embeddable":true,"href":"https:\/\/nvnoticias.mx\/index.php\/wp-json\/wp\/v2\/media\/151590"}],"wp:attachment":[{"href":"https:\/\/nvnoticias.mx\/index.php\/wp-json\/wp\/v2\/media?parent=165802"}],"wp:term":[{"taxonomy":"category","embeddable":true,"href":"https:\/\/nvnoticias.mx\/index.php\/wp-json\/wp\/v2\/categories?post=165802"},{"taxonomy":"post_tag","embeddable":true,"href":"https:\/\/nvnoticias.mx\/index.php\/wp-json\/wp\/v2\/tags?post=165802"}],"curies":[{"name":"wp","href":"https:\/\/api.w.org\/{rel}","templated":true}]}}