{"id":165790,"date":"2024-11-26T10:50:53","date_gmt":"2024-11-26T16:50:53","guid":{"rendered":"https:\/\/nvnoticias.mx\/?p=165790"},"modified":"2024-11-26T10:50:55","modified_gmt":"2024-11-26T16:50:55","slug":"la-insuficiencia-de-cuitlahuac-garcia","status":"publish","type":"post","link":"https:\/\/nvnoticias.mx\/index.php\/2024\/11\/26\/la-insuficiencia-de-cuitlahuac-garcia\/","title":{"rendered":"La insuficiencia de Cuitl\u00e1huac Garc\u00eda&#8230;"},"content":{"rendered":"\n<p><\/p>\n\n\n\n<p><strong>Ricardo Chua<\/strong><\/p>\n\n\n\n<p>A 4 d\u00edas de dejar el poder pol\u00edtico en Veracruz.. Dice &#8220;Garganta Profunda&#8221; que al interior de MORENA nacional.. Se han preguntado el equipo de trabajo de Luisa Mar\u00eda Alcalde y Andr\u00e9s Manuel L\u00f3pez Beltr\u00e1n.. Que ha dejado como gobernador, Cuitl\u00e1huac Garc\u00eda Jim\u00e9nez, para que Roc\u00edo Nahle no pase conflictos en los primeros meses de su administraci\u00f3n que inicia este pr\u00f3ximo domingo 1 de diciembre.. Y la respuesta que tienen es la misma desde hace semanas: NADA..<\/p>\n\n\n\n<p>Comentan que tambi\u00e9n eso se est\u00e1n preguntando muchos en Veracruz.. Ya que dicen: \u00bfCu\u00e1l es el saldo de las comparecencias y del Gobierno de Cuitl\u00e1huac?. Y la respuesta que dan es: Insuficiente y no fue por lo que muchos de ellos dijeron, de que el presupuesto estatal fue insuficiente para resolver todos los problemas de Veracruz.. Si no que la realidad fue qu\u00e9 esta administraci\u00f3n no supo aprovechar cada peso de los impuestos a los veracruzanos.. Y La &#8220;T\u00eda Chio&#8221; lo sabe..<\/p>\n\n\n\n<p>Tanto as\u00ed que en los caf\u00e9s, reuniones y &#8220;tertulias&#8221; pol\u00edticas que se realizan a lo largo y ancho de la entidad.. De qu\u00e9 INSUFICIENTES fueron las acciones en favor de su ciudadan\u00eda.. De la cual, se desatendi\u00f3 en su sexenio.. Calific\u00e1ndola de &#8220;neoliberal&#8221; o &#8220;golpista&#8221; si reclamaban sus derechos b\u00e1sicos como sociedad.. Y, quiz\u00e1s, por ello, es que el gobernador de Veracruz, no cabe m\u00e1s all\u00e1 de un cargo de mediano nivel en el gobierno de Claudia Sheinbaum.. Puede que lo protejan.. Pero s\u00f3lo hasta ah\u00ed..<\/p>\n\n\n\n<p>Lo peor es que &#8220;Garganta Profunda&#8221; se\u00f1ala que se escucha al interior del equipo de trabajo del pr\u00f3ximo gobierno estatal.. Que uno m\u00e1s de los principales problemas que vivi\u00f3 Cuitl\u00e1huac Garc\u00eda.. Es que tambi\u00e9n en Veracruz, le fue INSUFICIENTE el erario p\u00fablico para &#8220;saciar la sed&#8221; de aquellos que nunca tuvieron m\u00e1s all\u00e1 de 10 mil pesos en sus cuentas de banco y que cuando vieron el tama\u00f1o de las &#8220;arcas&#8221; de esta administraci\u00f3n.. Decidieron hacer uso de ellas de manera inadecuada y en algunos casos las saquearon..<\/p>\n\n\n\n<p>Raz\u00f3n por la cual, muchos de estos a\u00fan funcionarios estatales tienen severos conflictos con el \u00d3rgano de Fiscalizaci\u00f3n Superior (ORFIS) por el desaseado manejo de su presupuesto en las distintas dependencias a su cargo.. Y para desgracia del gobernador saliente.. Muchos apuntan a sus familiares directos e indirectos que estuvieron dentro de su administraci\u00f3n.. Ya que la mayor\u00eda de ellos de la noche a la ma\u00f1ana de vivir en modestas casas, pasaron a ser due\u00f1os de mansiones, negocios y a tener cuentas millonarias.. Y a\u00fan as\u00ed les result\u00f3 insuficiente..<\/p>\n\n\n\n<p>Por eso, cuando en MORENA, se cuestionan qu\u00e9 le &#8220;hereda&#8221; Cuitl\u00e1huac Garc\u00eda a Roc\u00edo Nahle en Veracruz.. La respuesta de uno de los principales operadores pol\u00edticos de la gobernadora electa es contundente: &#8220;Un estado en decadencia, uno donde la inseguridad se desborda, uno donde si no fuera por los programas de Bienestar federal, que cre\u00f3 Andr\u00e9s Manuel L\u00f3pez Obrador, la gente estar\u00eda sin un centavo en la bolsa, hereda el repudio de un gobierno corrupto y alejado de la sociedad, y es ella la que tiene que cargar con esas culpas&#8221;..<\/p>\n\n\n\n<p>Ante este escenario.. Este mismo personaje dice: &#8220;Ahora el reto de Roc\u00edo Nahle como gobernadora, ser\u00e1 darle la vuelta a todo el -tiradero- que le dej\u00f3 Cuitl\u00e1huac Garc\u00eda y deshacer todo lo que huela a \u00e9l dentro de su futuro gobierno, para que Veracruz ahora s\u00ed est\u00e9 de moda. Pero la pregunta que hay que hacerse es \u00bfC\u00faal ser\u00e1 el destino de Cuitl\u00e1huac?, con este escenario podr\u00eda ser la traici\u00f3n o ser\u00e1 que acaso piensa que sus secretarios que repiten con Roc\u00edo es por su buen desempe\u00f1o. Ellos ya -cantaron- y no precisamente -Las Golondrinas-&#8220;..<\/p>\n\n\n\n<p>REFLEXI\u00d3N.. Si los que se quedan se salvan.. Es que le cantaron todo a la se\u00f1ora.. Y eso es real.. Lo \u00fanico que se puede pensar con esa situaci\u00f3n.. Es que Cuitl\u00e1huac Garc\u00eda la empezar\u00e1 a pasar muy mal a partir del domingo pr\u00f3ximo.. No importa que se vaya al gabinete federal.. No tendr\u00e1 peso en el gobierno de Claudia Shienabaum, menos en MORENA de -Andy- L\u00f3pez Beltr\u00e1n.. As\u00ed que podr\u00eda ser prescindible en unas semanas m\u00e1s.. EL QUE ENTENDI\u00d3, ENTENDI\u00d3..<\/p>\n\n\n\n<p>LOS OTROS DE MORENA.. Luego que empezaron a salir los posibles nombres para las candidaturas a las alcald\u00edas en Veracruz por los partidos que integran la 4T.. En la zona centro en la regi\u00f3n de las &#8220;altas monta\u00f1as&#8221; surge la duda con quienes se la &#8220;jugar\u00e1&#8221; MORENA en &#8220;Los Pueblos M\u00e1gicos&#8221;.. Ayer en este espacio dijimos de C\u00f3rdoba, Vania L\u00f3pez y se suma en Orizaba, con Igor Roji.. Actual diputado local y qui\u00e9n ya fue alcalde de este sitio. Y para concretar en Coscomatepec podr\u00eda ir Omar G\u00f3mez Garc\u00eda..<\/p>\n\n\n\n<p>Este personaje que busca la alcald\u00eda de su &#8220;terru\u00f1o querido&#8221;.. Uno de los municipios m\u00e1s bellos del Estado de Veracruz.. Omar G\u00f3mez Garc\u00eda, es un polit\u00f3logo que a sus 34 a\u00f1os de edad.. Ha estado detr\u00e1s de los triunfos de gobernadores de Morena y de algunos Presidentes en Latinoam\u00e9rica a trav\u00e9s de su empresa de consultor\u00eda pol\u00edtica.. Y, quiz\u00e1s, ahora logre con la &#8220;bendici\u00f3n&#8221; de MORENA y Roc\u00edo Nahle, enfilarse para llevar a la 4T hasta las &#8220;altas monta\u00f1as&#8221;.. De concretarse, ahora s\u00ed pondr\u00e1n de Moda a Veracruz.. AMEN..<\/p>\n","protected":false},"excerpt":{"rendered":"<p>Ricardo Chua A 4 d\u00edas de dejar el poder pol\u00edtico en Veracruz.. Dice &#8220;Garganta Profunda&#8221; que al interior de MORENA nacional.. Se han preguntado el equipo de trabajo de Luisa Mar\u00eda Alcalde y Andr\u00e9s Manuel L\u00f3pez Beltr\u00e1n.. Que ha dejado como gobernador, Cuitl\u00e1huac Garc\u00eda Jim\u00e9nez, para que Roc\u00edo Nahle no pase conflictos en los primeros [&hellip;]<\/p>\n","protected":false},"author":29,"featured_media":165794,"comment_status":"open","ping_status":"open","sticky":false,"template":"","format":"standard","meta":{"_monsterinsights_skip_tracking":false,"_monsterinsights_sitenote_active":false,"_monsterinsights_sitenote_note":"","_monsterinsights_sitenote_category":0,"footnotes":""},"categories":[245],"tags":[327],"class_list":["post-165790","post","type-post","status-publish","format-standard","has-post-thumbnail","hentry","category-dialogos-de-poder","tag-ricardo-chua","wp-image-borders"],"amp_enabled":true,"_links":{"self":[{"href":"https:\/\/nvnoticias.mx\/index.php\/wp-json\/wp\/v2\/posts\/165790","targetHints":{"allow":["GET"]}}],"collection":[{"href":"https:\/\/nvnoticias.mx\/index.php\/wp-json\/wp\/v2\/posts"}],"about":[{"href":"https:\/\/nvnoticias.mx\/index.php\/wp-json\/wp\/v2\/types\/post"}],"author":[{"embeddable":true,"href":"https:\/\/nvnoticias.mx\/index.php\/wp-json\/wp\/v2\/users\/29"}],"replies":[{"embeddable":true,"href":"https:\/\/nvnoticias.mx\/index.php\/wp-json\/wp\/v2\/comments?post=165790"}],"version-history":[{"count":1,"href":"https:\/\/nvnoticias.mx\/index.php\/wp-json\/wp\/v2\/posts\/165790\/revisions"}],"predecessor-version":[{"id":165795,"href":"https:\/\/nvnoticias.mx\/index.php\/wp-json\/wp\/v2\/posts\/165790\/revisions\/165795"}],"wp:featuredmedia":[{"embeddable":true,"href":"https:\/\/nvnoticias.mx\/index.php\/wp-json\/wp\/v2\/media\/165794"}],"wp:attachment":[{"href":"https:\/\/nvnoticias.mx\/index.php\/wp-json\/wp\/v2\/media?parent=165790"}],"wp:term":[{"taxonomy":"category","embeddable":true,"href":"https:\/\/nvnoticias.mx\/index.php\/wp-json\/wp\/v2\/categories?post=165790"},{"taxonomy":"post_tag","embeddable":true,"href":"https:\/\/nvnoticias.mx\/index.php\/wp-json\/wp\/v2\/tags?post=165790"}],"curies":[{"name":"wp","href":"https:\/\/api.w.org\/{rel}","templated":true}]}}