{"id":165756,"date":"2024-11-25T13:41:55","date_gmt":"2024-11-25T19:41:55","guid":{"rendered":"https:\/\/nvnoticias.mx\/?p=165756"},"modified":"2024-11-25T13:41:56","modified_gmt":"2024-11-25T19:41:56","slug":"ariana-grande-habla-sobre-un-posible-romance-entre-glinda-y-elphaba-en-wicked","status":"publish","type":"post","link":"https:\/\/nvnoticias.mx\/index.php\/2024\/11\/25\/ariana-grande-habla-sobre-un-posible-romance-entre-glinda-y-elphaba-en-wicked\/","title":{"rendered":"Ariana Grande habla sobre un posible &#8220;romance&#8221; entre Glinda y Elphaba en &#8216;Wicked&#8217;"},"content":{"rendered":"\n<p>El anticipado estreno de Wicked en la gran pantalla no solo promete revivir la magia del querido musical de Broadway, sino que tambi\u00e9n est\u00e1 reabriendo debates y teor\u00edas sobre la naturaleza de sus personajes.&nbsp;<\/p>\n\n\n\n<p>Entre las preguntas que resurgen, una ha capturado la atenci\u00f3n de fans y cr\u00edticos: \u00bfpodr\u00eda Glinda, la Bruja Buena, ser tambi\u00e9n la Bruja Gay? Ariana Grande, quien da vida a Glinda en esta adaptaci\u00f3n cinematogr\u00e1fica, comparti\u00f3 su opini\u00f3n sobre este tema, junto con su coprotagonista Cynthia Erivo, y sus declaraciones han generado un amplio debate.<\/p>\n\n\n\n<p>Durante una entrevista con The Gay Times previa al estreno de la pel\u00edcula, Ariana Grande abord\u00f3 con humor y reflexi\u00f3n la rareza inherente al mundo de Oz, se\u00f1alando que elementos del universo de Wicked celebran la diversidad y la inclusi\u00f3n.&nbsp;<\/p>\n\n\n\n<p>&#8220;Todos los d\u00edas en la Ciudad Esmeralda hay un desfile del Orgullo, \u00bfno?&#8221;, coment\u00f3 Grande. &#8220;Hasta las gallinas\u2026 esas gallinas son gays&#8221;.&nbsp;<br>La actriz incluso se refiri\u00f3 al Dr. Dillamond (Peter Dinklage), el profesor de historia en la Universidad Shiz, como un &#8220;icono gay&#8221;, destacando su estilo impecable y su dispositivo personalizado para t\u00e9.<\/p>\n\n\n\n<p>Cuando se le pregunt\u00f3 sobre la posibilidad de un romance entre Glinda y Elphaba, Cynthia Erivo, quien interpreta a la Bruja Mala del Oeste, se\u00f1al\u00f3 que su conexi\u00f3n es profunda y significativa.\u00a0<br><\/p>\n\n\n\n<p>&#8220;Es amor verdadero&#8221;, expres\u00f3 Erivo, resaltando que el v\u00ednculo entre ambas trasciende las etiquetas rom\u00e1nticas o plat\u00f3nicas.&nbsp;<br>Por su parte, Grande insinu\u00f3 que Glinda podr\u00eda estar &#8220;un poco en el cl\u00f3set&#8221; y dej\u00f3 abierta la posibilidad de que con el tiempo esa interpretaci\u00f3n pudiera ganar fuerza.&nbsp;<\/p>\n\n\n\n<p>&#8220;Es simplemente amor verdadero y creo que eso trasciende la sexualidad&#8221;, concluy\u00f3.<br><\/p>\n\n\n\n<p>Fuente: <a href=\"https:\/\/www.milenio.com\/espectaculos\/cine\/ariana-grande-habra-un-romance-entre-glinda-y-elphaba-en-wicked\">Milenio<\/a><\/p>\n","protected":false},"excerpt":{"rendered":"<p>El anticipado estreno de Wicked en la gran pantalla no solo promete revivir la magia del querido musical de Broadway, sino que tambi\u00e9n est\u00e1 reabriendo debates y teor\u00edas sobre la naturaleza de sus personajes.&nbsp; Entre las preguntas que resurgen, una ha capturado la atenci\u00f3n de fans y cr\u00edticos: \u00bfpodr\u00eda Glinda, la Bruja Buena, ser tambi\u00e9n [&hellip;]<\/p>\n","protected":false},"author":35,"featured_media":165501,"comment_status":"open","ping_status":"open","sticky":false,"template":"","format":"standard","meta":{"_monsterinsights_skip_tracking":false,"_monsterinsights_sitenote_active":false,"_monsterinsights_sitenote_note":"","_monsterinsights_sitenote_category":0,"footnotes":""},"categories":[576],"tags":[23,24643],"class_list":["post-165756","post","type-post","status-publish","format-standard","has-post-thumbnail","hentry","category-ocio","tag-ariana-grande","tag-wicked","wp-image-borders"],"amp_enabled":true,"_links":{"self":[{"href":"https:\/\/nvnoticias.mx\/index.php\/wp-json\/wp\/v2\/posts\/165756","targetHints":{"allow":["GET"]}}],"collection":[{"href":"https:\/\/nvnoticias.mx\/index.php\/wp-json\/wp\/v2\/posts"}],"about":[{"href":"https:\/\/nvnoticias.mx\/index.php\/wp-json\/wp\/v2\/types\/post"}],"author":[{"embeddable":true,"href":"https:\/\/nvnoticias.mx\/index.php\/wp-json\/wp\/v2\/users\/35"}],"replies":[{"embeddable":true,"href":"https:\/\/nvnoticias.mx\/index.php\/wp-json\/wp\/v2\/comments?post=165756"}],"version-history":[{"count":1,"href":"https:\/\/nvnoticias.mx\/index.php\/wp-json\/wp\/v2\/posts\/165756\/revisions"}],"predecessor-version":[{"id":165757,"href":"https:\/\/nvnoticias.mx\/index.php\/wp-json\/wp\/v2\/posts\/165756\/revisions\/165757"}],"wp:featuredmedia":[{"embeddable":true,"href":"https:\/\/nvnoticias.mx\/index.php\/wp-json\/wp\/v2\/media\/165501"}],"wp:attachment":[{"href":"https:\/\/nvnoticias.mx\/index.php\/wp-json\/wp\/v2\/media?parent=165756"}],"wp:term":[{"taxonomy":"category","embeddable":true,"href":"https:\/\/nvnoticias.mx\/index.php\/wp-json\/wp\/v2\/categories?post=165756"},{"taxonomy":"post_tag","embeddable":true,"href":"https:\/\/nvnoticias.mx\/index.php\/wp-json\/wp\/v2\/tags?post=165756"}],"curies":[{"name":"wp","href":"https:\/\/api.w.org\/{rel}","templated":true}]}}