{"id":165717,"date":"2024-11-25T10:36:31","date_gmt":"2024-11-25T16:36:31","guid":{"rendered":"https:\/\/nvnoticias.mx\/?p=165717"},"modified":"2024-11-25T10:36:33","modified_gmt":"2024-11-25T16:36:33","slug":"gobierno-de-sheinbaum-modificara-la-mananera-del-pueblo","status":"publish","type":"post","link":"https:\/\/nvnoticias.mx\/index.php\/2024\/11\/25\/gobierno-de-sheinbaum-modificara-la-mananera-del-pueblo\/","title":{"rendered":"Gobierno de Sheinbaum modificar\u00e1 La Ma\u00f1anera del Pueblo"},"content":{"rendered":"\n<p>La presidenta recibi\u00f3 la ma\u00f1ana de este lunes 25 de noviembre a\u00a0<strong>Daniel Robles<\/strong>, colaborador de la<em>\u00a0Revista Yo tambi\u00e9n\u00a0<\/em>enfocada en temas de\u00a0<strong>discapacidad<\/strong>, por lo que, tras escuchar sus denuncias, la morenista prometi\u00f3 que, una vez a la semana, el espacio que ella encabeza desde\u00a0<strong>Palacio Nacional\u00a0<\/strong>se encargar\u00e1 de abordar las mismas problem\u00e1ticas, lo que supone cambios en su conferencia diaria.<\/p>\n\n\n\n<p>Desde el<strong>\u00a0Sal\u00f3n Guillermo Prieto<\/strong>, Robles quien basta hacer menci\u00f3n, acudi\u00f3 a algunas de las conferencias de Andr\u00e9s Manuel L\u00f3pez Obrador, le pidi\u00f3 a la mandataria federal, darle raz\u00f3n en trono a las denuncias previas en donde \u00e9l pidi\u00f3 atender m\u00e1s a este sector de la poblaci\u00f3n, por lo que la inst\u00f3 a enlistar las propuestas que, a su parecer, eran atractivas para mantener a lo largo de su gesti\u00f3n.<\/p>\n\n\n\n<p>Del mismo modo, el representante del portal antes citado solicit\u00f3 ayuda para que haya una audiencia con\u00a0<strong>Marath Baruch Bola\u00f1os L\u00f3pez<\/strong>, actual<strong>\u00a0secretario del Trabajo y Previsi\u00f3n Social\u00a0<\/strong>a quien se le busca plantear las problem\u00e1ticas que las personas con discapacidad enfrentan al buscar oportunidades laborales, al tiempo de plantearle una diversificaci\u00f3n del\u00a0<strong>programa J\u00f3venes Construyendo el Futuro.<\/strong><\/p>\n\n\n\n<p>Finalmente, Daniel Robles hizo referencia a una de las frases que la presidenta dijo en el marco en que recibi\u00f3 la banda presidencial:<strong>\u00a0\u201clo que no se nombra no existe\u201d<\/strong>. Si bien la morenista la dijo a modo de ser llamada presidenta, con A, el denunciante insisti\u00f3 en la necesidad de hablar de discapacidades de manera abierta.<\/p>\n\n\n\n<p>Tras haber terminado con su intervenci\u00f3n, apoyado de una voz robotizada, la presidenta agradeci\u00f3 su visita a\u00a0<em>La Ma\u00f1anera del Pueblo<\/em>\u00a0-la que adem\u00e1s se sabe, se extender\u00e1 por tres d\u00edas-, para despu\u00e9s informarle varios temas.<\/p>\n\n\n\n<p>Fuente: <a href=\"https:\/\/www.infobae.com\/mexico\/2024\/11\/25\/gobierno-de-sheinbaum-modificara-la-mananera-del-pueblo-promete-hablar-de-la-discapacidad\/\">Infobae<\/a><\/p>\n","protected":false},"excerpt":{"rendered":"<p>La presidenta recibi\u00f3 la ma\u00f1ana de este lunes 25 de noviembre a\u00a0Daniel Robles, colaborador de la\u00a0Revista Yo tambi\u00e9n\u00a0enfocada en temas de\u00a0discapacidad, por lo que, tras escuchar sus denuncias, la morenista prometi\u00f3 que, una vez a la semana, el espacio que ella encabeza desde\u00a0Palacio Nacional\u00a0se encargar\u00e1 de abordar las mismas problem\u00e1ticas, lo que supone cambios en [&hellip;]<\/p>\n","protected":false},"author":35,"featured_media":165718,"comment_status":"open","ping_status":"open","sticky":false,"template":"","format":"standard","meta":{"_monsterinsights_skip_tracking":false,"_monsterinsights_sitenote_active":false,"_monsterinsights_sitenote_note":"","_monsterinsights_sitenote_category":0,"footnotes":""},"categories":[157],"tags":[2801,21942,162],"class_list":["post-165717","post","type-post","status-publish","format-standard","has-post-thumbnail","hentry","category-nacional","tag-claudia-sheinbaum","tag-la-mananera","tag-portada","wp-image-borders"],"amp_enabled":true,"_links":{"self":[{"href":"https:\/\/nvnoticias.mx\/index.php\/wp-json\/wp\/v2\/posts\/165717","targetHints":{"allow":["GET"]}}],"collection":[{"href":"https:\/\/nvnoticias.mx\/index.php\/wp-json\/wp\/v2\/posts"}],"about":[{"href":"https:\/\/nvnoticias.mx\/index.php\/wp-json\/wp\/v2\/types\/post"}],"author":[{"embeddable":true,"href":"https:\/\/nvnoticias.mx\/index.php\/wp-json\/wp\/v2\/users\/35"}],"replies":[{"embeddable":true,"href":"https:\/\/nvnoticias.mx\/index.php\/wp-json\/wp\/v2\/comments?post=165717"}],"version-history":[{"count":1,"href":"https:\/\/nvnoticias.mx\/index.php\/wp-json\/wp\/v2\/posts\/165717\/revisions"}],"predecessor-version":[{"id":165719,"href":"https:\/\/nvnoticias.mx\/index.php\/wp-json\/wp\/v2\/posts\/165717\/revisions\/165719"}],"wp:featuredmedia":[{"embeddable":true,"href":"https:\/\/nvnoticias.mx\/index.php\/wp-json\/wp\/v2\/media\/165718"}],"wp:attachment":[{"href":"https:\/\/nvnoticias.mx\/index.php\/wp-json\/wp\/v2\/media?parent=165717"}],"wp:term":[{"taxonomy":"category","embeddable":true,"href":"https:\/\/nvnoticias.mx\/index.php\/wp-json\/wp\/v2\/categories?post=165717"},{"taxonomy":"post_tag","embeddable":true,"href":"https:\/\/nvnoticias.mx\/index.php\/wp-json\/wp\/v2\/tags?post=165717"}],"curies":[{"name":"wp","href":"https:\/\/api.w.org\/{rel}","templated":true}]}}