{"id":165594,"date":"2024-11-23T07:43:13","date_gmt":"2024-11-23T13:43:13","guid":{"rendered":"https:\/\/nvnoticias.mx\/?p=165594"},"modified":"2024-11-23T07:43:15","modified_gmt":"2024-11-23T13:43:15","slug":"se-acerca-la-comparecencia-de-cuitlahuac","status":"publish","type":"post","link":"https:\/\/nvnoticias.mx\/index.php\/2024\/11\/23\/se-acerca-la-comparecencia-de-cuitlahuac\/","title":{"rendered":"Se acerca la comparecencia de Cuitl\u00e1huac&#8230;"},"content":{"rendered":"\n<p><\/p>\n\n\n\n<p><strong>Ricardo Chua<\/strong><\/p>\n\n\n\n<p>OJO.. Todo parece indicar que desde el Congreso del Estado.. Cuando acuda el gobernador de Veracruz, Cuitl\u00e1huac Garc\u00eda, esta pr\u00f3xima semana a su \u00faltima comparecencia.. Todo est\u00e1 preparado para que la PASE MAL.. Ya que ante los se\u00f1alamientos que se esperan de los 9 diputados locales de oposici\u00f3n en este recinto legislativo.. Ning\u00fan diputado de MORENA se meter\u00e1 a defenderlo.. Pareciera que esas son las &#8220;se\u00f1ales&#8221;.. Ese &#8220;golpeteo&#8221; a los funcionarios estatales en sus comparecencias es muestra de ello.. La oposici\u00f3n los est\u00e1 &#8220;golpeando&#8221;..<\/p>\n\n\n\n<p>S\u00f3lo hay que investigar si es por consigna o porque a los legisladores de MORENA ya no les interesa lo que pase con el gabinete de Cuitl\u00e1huac Garc\u00eda.. Ellos ya s\u00f3lo est\u00e1n cuidando a Roc\u00edo Nahle.. El diputado priista, H\u00e9ctor Yunes le est\u00e1 &#8220;pegando&#8221; como a nadie a la &#8220;pi\u00f1ata&#8221; y nadie dice nada.. Parece que los quieren &#8220;reprender&#8221; pero no pasa nada y les vuelve a dar con todo.. Y nadie hace nada.. As\u00ed que esto se ve &#8220;plan con ma\u00f1a&#8221;.. Vamos a ver cu\u00e1ntos &#8220;golpes&#8221; recibe el gobernador cuando vaya a la Legislatura Local..<\/p>\n\n\n\n<p>Ya que seg\u00fan &#8220;Garganta Profunda&#8221; que si as\u00ed les fue a los secretarios de despacho.. Al gobernador le va a ir peor.. Ya se ver\u00e1 si en esta \u00faltima semana como mandatario. Cuitl\u00e1huac a\u00fan le quedan operadores pol\u00edticos para evitar como sea este &#8220;golpeteo&#8221; o los siguen exhibiendo, finalmente ya se van .. Sobre todo porque dicen que Roc\u00edo Nahle viene con nuevos &#8220;puentes&#8221;, s\u00f3lo que habr\u00e1 que ver si esos &#8220;canales&#8221; de di\u00e1logo son para todos o s\u00f3lo para unos cuantos.. Eso no se sabe.. Por eso, lo que pase con Cuitl\u00e1huac ya no importa en demas\u00eda..<\/p>\n\n\n\n<p>As\u00ed que con este escenario s\u00f3lo se espera que Cuitl\u00e1huac se vaya de Veracruz &#8220;bien golpeado&#8221;.. Ahora s\u00f3lo habr\u00e1 que esperar qu\u00e9 acciones tomar\u00e1 Nahle cuando sea gobernadora y que hace ella con el tema Cuitl\u00e1huac y toda la gente estuvo con \u00e9l.. Pero esto apenas comienza.. Y seg\u00fan las versiones hay varios funcionarios estatales que van de salida que enfrentar\u00e1n serias consecuencias con la misma justicia de Veracruz.. Qui\u00e9nes ser\u00e1n los candidatos a Pacho Viejo o Amatl\u00e1n.. LA MONEDA EST\u00c1 EN EL AIRE..<\/p>\n\n\n\n<p>Por lo menos, &#8220;Garganta Profunda&#8221; expresa que hay 3 altos funcionarios del actual gabinete estatal\u2026 Que est\u00e1 en la mira de la justicia. Pero que van a actuar a partir del lunes 2 de diciembre cuando nuevos &#8220;aires soplan&#8221; por Veracruz..De nuevo la pregunta: Qui\u00e9nes ser\u00e1n.. Y si estos traen ya &#8220;cola&#8221; para evitar que puedan evadirla.. M\u00e1s si tienen los informes directos que estos personajes se fueron al &#8220;monte&#8221; durante el sexenio que acaba.. As\u00ed que en los pr\u00f3ximos d\u00edas todo puede cambiar desde el Congreso del Estado.. AMEN..<\/p>\n\n\n\n<p>PVEM EN VERACRUZ AL 2025.. Si algo tiene en este momento el PVEM en Veracruz.. Es la oportunidad hist\u00f3rica de crecer como la tercera fuerza pol\u00edtica en el Estado.. Obvio tienen que ver la manera de tener candidatos en los 212 municipios en las elecciones del 2025 a las alcald\u00edas.. Si su partido en este pasado proceso local creci\u00f3 a m\u00e1s de 265 mil votos, con esos n\u00fameros tiene todo para crecer en esta entidad.. De hacerlo le quitar\u00e1 su espacio a Movimiento Ciudadano y terminar\u00e1 por dejar muy atr\u00e1s al PRI..<\/p>\n\n\n\n<p>Si Javier Herrera Borunda, se convierte en su principal activo pol\u00edtico en Veracruz.. Recorre la entidad veracruzana durante todo el proceso local.. Se hace acompa\u00f1ar de sus l\u00edderes regionales, como sucedi\u00f3 en C\u00f3rdoba ayer que visit\u00f3 a la s\u00edndica, Van\u00eda L\u00f3pez.. Si refuerza con trabajo pol\u00edtico los 31 municipios veracruzanos que ya el PVEM gobierna que son alrededor de un mill\u00f3n 100 mil personas.. Les puede dar una sorpresa en las pr\u00f3ximas elecciones.. Todo es cuesti\u00f3n de que se organicen y operen pol\u00edticamente..<\/p>\n\n\n\n<p>Pero sobre todo si Javier Herrera logra el respaldo a su partido en Veracruz, con la gobernadora electa, Roc\u00edo Nahle.. Las cosas pueden cambiar para el PVEM en estos pr\u00f3ximos meses en Veracruz.. Finalmente saben que MORENA, como partido, no se puede &#8220;comer todo el pastel&#8221; solos.. En esta alianza parcial que posiblemente tengan en Veracruz con PT y MORENA pueden lograr grandes acuerdos pol\u00edticos que pueden hacer que la 4T de la &#8220;puntilla&#8221; final a la oposici\u00f3n.. S\u00f3lo es cuesti\u00f3n de que ellos quieran..<\/p>\n\n\n\n<p>Lo que es un hecho es que la presencia de Herrera Borunda ayuda al PVEM en Veracruz. Sin embargo, esto hace ver tambi\u00e9n que la lucha al interior de la 4T por las candidaturas no ser\u00e1 tan intensa entre ellos como se pensaba.. Van a respetar sus &#8220;cotos&#8221; de poder y eso es de gane para ellos y malo para la oposici\u00f3n.. No ser\u00e1 factor de divisi\u00f3n.. Ya que de esa forma Javier Herrera podr\u00e1 moverse con libertad en todo Veracruz.. EL QUE ENTENDI\u00d3, ENTENDI\u00d3..<\/p>\n","protected":false},"excerpt":{"rendered":"<p>Ricardo Chua OJO.. Todo parece indicar que desde el Congreso del Estado.. Cuando acuda el gobernador de Veracruz, Cuitl\u00e1huac Garc\u00eda, esta pr\u00f3xima semana a su \u00faltima comparecencia.. Todo est\u00e1 preparado para que la PASE MAL.. Ya que ante los se\u00f1alamientos que se esperan de los 9 diputados locales de oposici\u00f3n en este recinto legislativo.. Ning\u00fan [&hellip;]<\/p>\n","protected":false},"author":29,"featured_media":165596,"comment_status":"open","ping_status":"open","sticky":false,"template":"","format":"standard","meta":{"_monsterinsights_skip_tracking":false,"_monsterinsights_sitenote_active":false,"_monsterinsights_sitenote_note":"","_monsterinsights_sitenote_category":0,"footnotes":""},"categories":[245],"tags":[327],"class_list":["post-165594","post","type-post","status-publish","format-standard","has-post-thumbnail","hentry","category-dialogos-de-poder","tag-ricardo-chua","wp-image-borders"],"amp_enabled":true,"_links":{"self":[{"href":"https:\/\/nvnoticias.mx\/index.php\/wp-json\/wp\/v2\/posts\/165594","targetHints":{"allow":["GET"]}}],"collection":[{"href":"https:\/\/nvnoticias.mx\/index.php\/wp-json\/wp\/v2\/posts"}],"about":[{"href":"https:\/\/nvnoticias.mx\/index.php\/wp-json\/wp\/v2\/types\/post"}],"author":[{"embeddable":true,"href":"https:\/\/nvnoticias.mx\/index.php\/wp-json\/wp\/v2\/users\/29"}],"replies":[{"embeddable":true,"href":"https:\/\/nvnoticias.mx\/index.php\/wp-json\/wp\/v2\/comments?post=165594"}],"version-history":[{"count":1,"href":"https:\/\/nvnoticias.mx\/index.php\/wp-json\/wp\/v2\/posts\/165594\/revisions"}],"predecessor-version":[{"id":165597,"href":"https:\/\/nvnoticias.mx\/index.php\/wp-json\/wp\/v2\/posts\/165594\/revisions\/165597"}],"wp:featuredmedia":[{"embeddable":true,"href":"https:\/\/nvnoticias.mx\/index.php\/wp-json\/wp\/v2\/media\/165596"}],"wp:attachment":[{"href":"https:\/\/nvnoticias.mx\/index.php\/wp-json\/wp\/v2\/media?parent=165594"}],"wp:term":[{"taxonomy":"category","embeddable":true,"href":"https:\/\/nvnoticias.mx\/index.php\/wp-json\/wp\/v2\/categories?post=165594"},{"taxonomy":"post_tag","embeddable":true,"href":"https:\/\/nvnoticias.mx\/index.php\/wp-json\/wp\/v2\/tags?post=165594"}],"curies":[{"name":"wp","href":"https:\/\/api.w.org\/{rel}","templated":true}]}}