{"id":16559,"date":"2021-06-18T13:59:40","date_gmt":"2021-06-18T18:59:40","guid":{"rendered":"https:\/\/nvnoticias.mx\/?p=16559"},"modified":"2021-06-18T13:59:41","modified_gmt":"2021-06-18T18:59:41","slug":"urgen-en-frenar-importaciones-de-maiz-a-mexico","status":"publish","type":"post","link":"https:\/\/nvnoticias.mx\/index.php\/2021\/06\/18\/urgen-en-frenar-importaciones-de-maiz-a-mexico\/","title":{"rendered":"Urgen en frenar importaciones de ma\u00edz a M\u00e9xico"},"content":{"rendered":"\n<p><strong>Jes\u00fas Utrilla \/ NV Noticias<\/strong><\/p>\n\n\n\n<p>Las importaciones de ma\u00edz a M\u00e9xico se mantienen a la alza por lo que es necesario que simplemente en pol\u00edticas p\u00fablicas que permitan frenar dichos cupos, se\u00f1al\u00f3 Jos\u00e9 \u00c1ngel Contreras Carrera, presidente de la Uni\u00f3n Agr\u00edcola Estatal Productores de Ma\u00edz.<\/p>\n\n\n\n<p>Dijo que el 50 por ciento del consumo nacional es importado, es decir, 15 millones de toneladas del grano llegan anualmente a M\u00e9xico de las 30 millones de toneladas que se consumen.<\/p>\n\n\n\n<p>Adem\u00e1s record\u00f3 que la ONU a trav\u00e9s de la FAO se\u00f1al\u00f3 que un pa\u00eds debe alcanzar la seguridad alimentaria y producir el 75 por ciento del consumo pero en M\u00e9xico ese panorama se ve lejano.<\/p>\n\n\n\n<blockquote class=\"wp-block-quote is-layout-flow wp-block-quote-is-layout-flow\"><p>\u201cLa gr\u00e1fica de las importaciones ha ido ascendente pero no solo de este gobierno sino desde tiempo atr\u00e1s. Es lamentable que no se haya sustituido la importaci\u00f3n por producci\u00f3n nacional. No han parado de incrementarse las importaciones\u201d.<\/p><\/blockquote>\n\n\n\n<p>Record\u00f3 que se trata del cultivo b\u00e1sico m\u00e1s importante pero se sigue en desventaja ante el mayor competidor, que es el mercado americano.<\/p>\n\n\n\n<p>Se\u00f1al\u00f3 que el gobierno tiene un reto importante para poder reducir los cupos de importaci\u00f3n.<\/p>\n\n\n\n<p>Pues incluso durante el primer trimestre del a\u00f1os se gast\u00f3 63 por ciento m\u00e1s en adquirir ma\u00edz del extranjero, porque el precio internacional alcanz\u00f3 m\u00e1ximos hist\u00f3ricos.<\/p>\n","protected":false},"excerpt":{"rendered":"<p>Jes\u00fas Utrilla \/ NV Noticias Las importaciones de ma\u00edz a M\u00e9xico se mantienen a la alza por lo que es necesario que simplemente en pol\u00edticas p\u00fablicas que permitan frenar dichos cupos, se\u00f1al\u00f3 Jos\u00e9 \u00c1ngel Contreras Carrera, presidente de la Uni\u00f3n Agr\u00edcola Estatal Productores de Ma\u00edz. Dijo que el 50 por ciento del consumo nacional es [&hellip;]<\/p>\n","protected":false},"author":7,"featured_media":16560,"comment_status":"open","ping_status":"open","sticky":false,"template":"","format":"standard","meta":{"_monsterinsights_skip_tracking":false,"_monsterinsights_sitenote_active":false,"_monsterinsights_sitenote_note":"","_monsterinsights_sitenote_category":0,"footnotes":""},"categories":[154],"tags":[220,315,292,4515],"class_list":["post-16559","post","type-post","status-publish","format-standard","has-post-thumbnail","hentry","category-veracruz","tag-importacion","tag-maiz","tag-mexico","tag-union-agricola-estatal-productores-de-maiz","wp-image-borders"],"amp_enabled":true,"_links":{"self":[{"href":"https:\/\/nvnoticias.mx\/index.php\/wp-json\/wp\/v2\/posts\/16559","targetHints":{"allow":["GET"]}}],"collection":[{"href":"https:\/\/nvnoticias.mx\/index.php\/wp-json\/wp\/v2\/posts"}],"about":[{"href":"https:\/\/nvnoticias.mx\/index.php\/wp-json\/wp\/v2\/types\/post"}],"author":[{"embeddable":true,"href":"https:\/\/nvnoticias.mx\/index.php\/wp-json\/wp\/v2\/users\/7"}],"replies":[{"embeddable":true,"href":"https:\/\/nvnoticias.mx\/index.php\/wp-json\/wp\/v2\/comments?post=16559"}],"version-history":[{"count":1,"href":"https:\/\/nvnoticias.mx\/index.php\/wp-json\/wp\/v2\/posts\/16559\/revisions"}],"predecessor-version":[{"id":16561,"href":"https:\/\/nvnoticias.mx\/index.php\/wp-json\/wp\/v2\/posts\/16559\/revisions\/16561"}],"wp:featuredmedia":[{"embeddable":true,"href":"https:\/\/nvnoticias.mx\/index.php\/wp-json\/wp\/v2\/media\/16560"}],"wp:attachment":[{"href":"https:\/\/nvnoticias.mx\/index.php\/wp-json\/wp\/v2\/media?parent=16559"}],"wp:term":[{"taxonomy":"category","embeddable":true,"href":"https:\/\/nvnoticias.mx\/index.php\/wp-json\/wp\/v2\/categories?post=16559"},{"taxonomy":"post_tag","embeddable":true,"href":"https:\/\/nvnoticias.mx\/index.php\/wp-json\/wp\/v2\/tags?post=16559"}],"curies":[{"name":"wp","href":"https:\/\/api.w.org\/{rel}","templated":true}]}}