{"id":165569,"date":"2024-11-22T12:22:27","date_gmt":"2024-11-22T18:22:27","guid":{"rendered":"https:\/\/nvnoticias.mx\/?p=165569"},"modified":"2024-11-22T12:22:28","modified_gmt":"2024-11-22T18:22:28","slug":"diuber-vargas-coach-pitcheo-de-el-aguila-lms","status":"publish","type":"post","link":"https:\/\/nvnoticias.mx\/index.php\/2024\/11\/22\/diuber-vargas-coach-pitcheo-de-el-aguila-lms\/","title":{"rendered":"Diuber Vargas, coach pitcheo de El \u00c1guila LMS"},"content":{"rendered":"\n<p><\/p>\n\n\n\n<p>Con una experiencia de 14 a\u00f1os como entrenador y ser el responsable del pitcheo de Cuba en ciclos ol\u00edmpicos, Diuber Vargas, es el nuevo coach de pitcheo de El \u00c1guila de Veracruz para temporada 2025, de la Liga Mexicana de Softbol.<\/p>\n\n\n\n<p>La Gerencia Deportiva encabezada por Andrea Valdez, da a conocer la contrataci\u00f3n de un coach que fortalecer\u00e1 el pitcheo jarocho y se unir\u00e1 al cuerpo t\u00e9cnico encabezado por el m\u00e1nager, Argenis Blanco.<\/p>\n\n\n\n<p>Diuber Vargas, es originario Cuba y ha sido coach de pitcheo en la Selecci\u00f3n Cubana de Softbol con medallas en ciclo ol\u00edmpico: Juegos Centroamericanos Barranquilla 2018, medalla de Bronce; Preol\u00edmpico Vancouver, quinto lugar; Juegos Centroamericanos San Salvador 2023, medalla Plata; Copa de Mundo Espa\u00f1a 2023, cuarto lugar; Juegos Panamericanos Chile 2023, quinto lugar.<\/p>\n\n\n\n<p>Adem\u00e1s de ser coach de pitcheo, Vargas tambi\u00e9n es instructor de jugadoras de cuatro en el softbol. Su talento como entrenador lo llev\u00f3 a Venezuela, donde desarroll\u00f3 talento del 2010 al 2020.<\/p>\n\n\n\n<p>Diuber como entrenador cuenta con varias jugadoras \u00e9lite en Cuba, de las cuales destaca la estrella de la selecci\u00f3n cubana y pitcher de El \u00c1guila, Yilian Torn\u00e9s y de las tambi\u00e9n cubanas en la LMS como Jennifer Pocena, Yamelkis Guevara y Lixiana Mel\u00e9ndez.<\/p>\n\n\n\n<p>Con la llegada de Vargas, se fortalecer\u00e1 el pitcheo y compartir\u00e1 su conocimiento con las j\u00f3venes lanzadoras mexicanas de El \u00c1guila.<\/p>\n\n\n\n<p><\/p>\n","protected":false},"excerpt":{"rendered":"<p>Con una experiencia de 14 a\u00f1os como entrenador y ser el responsable del pitcheo de Cuba en ciclos ol\u00edmpicos, Diuber Vargas, es el nuevo coach de pitcheo de El \u00c1guila de Veracruz para temporada 2025, de la Liga Mexicana de Softbol. La Gerencia Deportiva encabezada por Andrea Valdez, da a conocer la contrataci\u00f3n de un [&hellip;]<\/p>\n","protected":false},"author":8,"featured_media":165571,"comment_status":"open","ping_status":"open","sticky":false,"template":"","format":"standard","meta":{"_monsterinsights_skip_tracking":false,"_monsterinsights_sitenote_active":false,"_monsterinsights_sitenote_note":"","_monsterinsights_sitenote_category":0,"footnotes":""},"categories":[159],"tags":[28987,31212],"class_list":["post-165569","post","type-post","status-publish","format-standard","has-post-thumbnail","hentry","category-deportes","tag-el-aguila-de-veracruz-femenil","tag-liga-mexicana-de-softbol","wp-image-borders"],"amp_enabled":true,"_links":{"self":[{"href":"https:\/\/nvnoticias.mx\/index.php\/wp-json\/wp\/v2\/posts\/165569","targetHints":{"allow":["GET"]}}],"collection":[{"href":"https:\/\/nvnoticias.mx\/index.php\/wp-json\/wp\/v2\/posts"}],"about":[{"href":"https:\/\/nvnoticias.mx\/index.php\/wp-json\/wp\/v2\/types\/post"}],"author":[{"embeddable":true,"href":"https:\/\/nvnoticias.mx\/index.php\/wp-json\/wp\/v2\/users\/8"}],"replies":[{"embeddable":true,"href":"https:\/\/nvnoticias.mx\/index.php\/wp-json\/wp\/v2\/comments?post=165569"}],"version-history":[{"count":1,"href":"https:\/\/nvnoticias.mx\/index.php\/wp-json\/wp\/v2\/posts\/165569\/revisions"}],"predecessor-version":[{"id":165572,"href":"https:\/\/nvnoticias.mx\/index.php\/wp-json\/wp\/v2\/posts\/165569\/revisions\/165572"}],"wp:featuredmedia":[{"embeddable":true,"href":"https:\/\/nvnoticias.mx\/index.php\/wp-json\/wp\/v2\/media\/165571"}],"wp:attachment":[{"href":"https:\/\/nvnoticias.mx\/index.php\/wp-json\/wp\/v2\/media?parent=165569"}],"wp:term":[{"taxonomy":"category","embeddable":true,"href":"https:\/\/nvnoticias.mx\/index.php\/wp-json\/wp\/v2\/categories?post=165569"},{"taxonomy":"post_tag","embeddable":true,"href":"https:\/\/nvnoticias.mx\/index.php\/wp-json\/wp\/v2\/tags?post=165569"}],"curies":[{"name":"wp","href":"https:\/\/api.w.org\/{rel}","templated":true}]}}