{"id":165334,"date":"2024-11-20T09:24:45","date_gmt":"2024-11-20T15:24:45","guid":{"rendered":"https:\/\/nvnoticias.mx\/?p=165334"},"modified":"2024-11-20T09:24:47","modified_gmt":"2024-11-20T15:24:47","slug":"cuitlahuac-garcia-ni-embajador-ni-consul","status":"publish","type":"post","link":"https:\/\/nvnoticias.mx\/index.php\/2024\/11\/20\/cuitlahuac-garcia-ni-embajador-ni-consul\/","title":{"rendered":"Cuitl\u00e1huac Garc\u00eda, ni embajador, ni c\u00f3nsul\u2026"},"content":{"rendered":"\n<p><strong>Ricardo Chua<\/strong><\/p>\n\n\n\n<p>El poderoso &#8220;Garganta Profunda&#8221; confirm\u00f3 que en Palacio Nacional no van a dejar que el a\u00fan gobernador de Veracruz en funciones, Cuitl\u00e1huac Garc\u00eda Jim\u00e9nez, no se vaya.. Pero al extranjero.. Sus &#8220;fuentes&#8221; en el comit\u00e9 nacional de MORENA se\u00f1alan que el xalape\u00f1o, siempre no se va hacer irse de embajador a Cuba o C\u00f3nsul a alguna ciudad importante de Sudam\u00e9rica o Europa.. El mandatario &#8220;jarocho&#8221; se va a quedar en la CDMX.. Finalmente, se qued\u00f3..<\/p>\n\n\n\n<p>As\u00ed que pese a los esfuerzos de algunos &#8220;morenistas&#8221; en el Congreso de la Uni\u00f3n y uno que otro funcionario federal.. Que deseaban que Garc\u00eda Jim\u00e9nez en el pr\u00f3ximo mes de diciembre, pasar\u00e1 la navidad y el a\u00f1o nuevo fuera del pa\u00eds.. Seguramente lo estar\u00e1n viendo en Xalapa o Coatepec, quiz\u00e1s hasta en el puerto de Veracruz bailando &#8220;salsa&#8221; en alg\u00fan &#8220;antro&#8221; de moda.. Ya que seguramente en enero lo estar\u00e1n incorporando en el gabinete federal de Claudia Sheinbaum.. Ese fue su destino.. Un cargo federal discreto de mediano nivel.. NO DIO PARA M\u00c1S..<\/p>\n\n\n\n<p>Por eso.. Queda, que poco queda del sexenio, apenas queda el alba, apenas mil palabras, quedan, queda solo el silencio, que hace estallar la noche fr\u00eda en Xalapa, la noche que no acaba s\u00f3lo eso queda.. S\u00f3lo quedan las ganas de llorar, al ver que la gubernatura se aleja.. Frente a frente, bajamos la mirada pues ya no queda nada de qu\u00e9 hablar.. Nada.. Parece parodia de una famosa canci\u00f3n.. Pero ese ser\u00e1 el destino de Cuitl\u00e1huac.. As\u00ed termina su sexenio y \u00e9l, al ostracismo pol\u00edtico en CDMX.. EL DESTIERRO DE VERACRUZ.. AMEN..<\/p>\n\n\n\n<p>YUNES DEFIENDE A FIDEL HERRERA.. Bien dice el dicho: &#8220;En esta vida, hay m\u00e1s lealtad en la complicidad, que en la amistad&#8221;.. Y el \u00faltimo de los priistas del Congreso del Estado, H\u00e9ctor Yunes Landa, odiado por muchos y querido por pocos.. Demostr\u00f3 que la GRATITUD POL\u00cdTICA existe.. Y que de \u00e9l podr\u00e1n decir muchas cosas.. Menos de ser desagradecido.. Eso habla bien de \u00e9l.. La defensa que hizo del ex gobernador, Fidel Herrera Beltr\u00e1n, no la hizo ning\u00fan legislador de MORENA.. Que en tiempos cuando eran priistas, Fidel los enriqueci\u00f3 y empoder\u00f3<\/p>\n\n\n\n<p>Ayer en la comparecencia del secretario de Finanzas, Jos\u00e9 Luis Lima Franco.. De nuevo, H\u00e9ctor Yunes s\u00f3lo como \u00e9l \u00fanico priista en el Congreso Local, hizo se\u00f1alamientos contra el titular de SEFIPLAN del gobierno estatal de MORENA.. Por eso, Lima lo llam\u00f3 &#8220;ente del pasado&#8221; y de paso critic\u00f3 al gobierno de Herrera Beltr\u00e1n.. Ah\u00ed fue cuando Yunes Landa defendi\u00f3 al ex gobernador priista se\u00f1alando que &#8220;Fidel no es el diablo que muchos creen&#8221;.. Pero el tema no era la defensa de H\u00e9ctor a Fidel sino el silencio de muchos diputados locales en el pleno..<\/p>\n\n\n\n<p>Ya que muchos diputados locales que hoy son de MORENA, PVEM y PT.. Conocidos en Veracruz como &#8220;Los Fidelistas de la Cuarta Transformaci\u00f3n en Veracruz&#8221;, se quedaron callados ante los ataques de Lima Franco a su EX JEFE, EX MENTOR, EX MAESTRO y de muchos de ellos EX PROVEEDOR, Fidel Herrera Beltr\u00e1n.. Esos legisladores hoy de la 4T, se les &#8220;nubl\u00f3&#8221; la vista de su pasado priista y se les borr\u00f3 la memoria selectiva.. Por eso, recordar es vivir.. Y H\u00e9ctor Yunes se las record\u00f3 a todos.. INGRATOS con su ex jefe enferm\u00f3 y en desgracia..<\/p>\n\n\n\n<p>Yunes Landa dio la cara por Fidel Herrera, un priista fue qui\u00e9n lo defendi\u00f3.. Cosa que no hicieron los diputados locales del PVEM, pese a que Jos\u00e9 Luis Lima Franco, ATAC\u00d3 SIN PIEDAD al pap\u00e1 de su jefe pol\u00edtico en el &#8220;Verde&#8221;, Javier Herrera Borunda, secretario de Organizaci\u00f3n del CEN del PVEM y t\u00edo del actual l\u00edder estatal de este partido, Edgar Herrera Lendenchy.. Los &#8220;Tucanes&#8221; callaron como &#8220;aves de miedo, no de tempestades&#8221;.. Por eso, MORENA los trata como los trata.. QPM tuvieron al no defender a Fidel, si a muchos de ah\u00ed los hizo pol\u00edticos..<\/p>\n\n\n\n<p>&#8220;Enmudeci\u00f3 el palenque&#8221; cuando el titular de SEFIPLAN hac\u00eda se\u00f1alamientos contra Fidel Herrera.. Pese a que muchos diputados locales de la 4T, le deben su vida pol\u00edtica y fortuna personal al &#8220;T\u00edo Fide&#8221;.. Y lo que Lima no midi\u00f3 fue que Fidel Herrera Beltr\u00e1n, pese a que hace 14 a\u00f1os dej\u00f3 el poder, la gente lo recuerda en Veracruz con m\u00e1s afecto y cari\u00f1o que lo que van a recordar a su actual jefe, Cuitl\u00e1huac Garc\u00eda Jim\u00e9nez.. Y que su futura jefa, Roc\u00edo Nahle Garc\u00eda COP\u00cdA muchas de las acciones que hizo en su gobierno Herrera Beltr\u00e1n..<\/p>\n\n\n\n<p>As\u00ed que qui\u00e9n dir\u00eda que cuando atacaron a Fidel Herrera, lo defendi\u00f3 la persona con quien sostuvo sus desencuentros personales.. Yunes Landa se opuso a la Bursatilizaci\u00f3n, Fidel se impuso con Javier Duarte en el camino de H\u00e9ctor para ser candidato a gobernador en el 2010.. Pero en esos a\u00f1os, Fidel siempre dijo que cuando era momento de tirar &#8220;camorra&#8221;, el que mejor lo defend\u00eda era H\u00e9ctor.. 14 a\u00f1os despu\u00e9s, con un Congreso Local llen\u00f3 de &#8220;Fidelistas de la 4T&#8221;.. El priista s\u00f3lo, sin aliados,lo defendi\u00f3 cuando los otros callaron.. SIN PALABRAS..<\/p>\n\n\n\n<p>REFLEXI\u00d3N.. Mucho cuidado debe tener el legislador federal y l\u00edder moral del PVEM en Veracruz, Javier Herrera Borunda, con los proyectos que emprenda este 2025 rumbo a la elecci\u00f3n a alcaldes.. Ya que si ning\u00fan diputado local &#8220;Verde&#8221; defendi\u00f3 a su pap\u00e1, Fidel Herrera, que junto con \u00e9l los encumbr\u00f3.. Dif\u00edcil ser\u00e1 que estos lo defiendan, si hay problemas con la definici\u00f3n de las candidaturas.. Har\u00e1n lo que diga MORENA aunque sean &#8220;Tucanes&#8221;.. Estos no son &#8220;Cisnes o Ping\u00fcinos&#8221;, s\u00f3lo son simples &#8220;pajarracos&#8221;.. Al final, fue un Yunes el que sac\u00f3 el &#8220;pecho&#8221; por Fidel.. Bien por H\u00e9ctor.. ESO ES SER AGRADECIDO..<\/p>\n","protected":false},"excerpt":{"rendered":"<p>Ricardo Chua El poderoso &#8220;Garganta Profunda&#8221; confirm\u00f3 que en Palacio Nacional no van a dejar que el a\u00fan gobernador de Veracruz en funciones, Cuitl\u00e1huac Garc\u00eda Jim\u00e9nez, no se vaya.. Pero al extranjero.. Sus &#8220;fuentes&#8221; en el comit\u00e9 nacional de MORENA se\u00f1alan que el xalape\u00f1o, siempre no se va hacer irse de embajador a Cuba o [&hellip;]<\/p>\n","protected":false},"author":29,"featured_media":165335,"comment_status":"open","ping_status":"open","sticky":false,"template":"","format":"standard","meta":{"_monsterinsights_skip_tracking":false,"_monsterinsights_sitenote_active":false,"_monsterinsights_sitenote_note":"","_monsterinsights_sitenote_category":0,"footnotes":""},"categories":[245],"tags":[],"class_list":["post-165334","post","type-post","status-publish","format-standard","has-post-thumbnail","hentry","category-dialogos-de-poder","wp-image-borders"],"amp_enabled":true,"_links":{"self":[{"href":"https:\/\/nvnoticias.mx\/index.php\/wp-json\/wp\/v2\/posts\/165334","targetHints":{"allow":["GET"]}}],"collection":[{"href":"https:\/\/nvnoticias.mx\/index.php\/wp-json\/wp\/v2\/posts"}],"about":[{"href":"https:\/\/nvnoticias.mx\/index.php\/wp-json\/wp\/v2\/types\/post"}],"author":[{"embeddable":true,"href":"https:\/\/nvnoticias.mx\/index.php\/wp-json\/wp\/v2\/users\/29"}],"replies":[{"embeddable":true,"href":"https:\/\/nvnoticias.mx\/index.php\/wp-json\/wp\/v2\/comments?post=165334"}],"version-history":[{"count":1,"href":"https:\/\/nvnoticias.mx\/index.php\/wp-json\/wp\/v2\/posts\/165334\/revisions"}],"predecessor-version":[{"id":165336,"href":"https:\/\/nvnoticias.mx\/index.php\/wp-json\/wp\/v2\/posts\/165334\/revisions\/165336"}],"wp:featuredmedia":[{"embeddable":true,"href":"https:\/\/nvnoticias.mx\/index.php\/wp-json\/wp\/v2\/media\/165335"}],"wp:attachment":[{"href":"https:\/\/nvnoticias.mx\/index.php\/wp-json\/wp\/v2\/media?parent=165334"}],"wp:term":[{"taxonomy":"category","embeddable":true,"href":"https:\/\/nvnoticias.mx\/index.php\/wp-json\/wp\/v2\/categories?post=165334"},{"taxonomy":"post_tag","embeddable":true,"href":"https:\/\/nvnoticias.mx\/index.php\/wp-json\/wp\/v2\/tags?post=165334"}],"curies":[{"name":"wp","href":"https:\/\/api.w.org\/{rel}","templated":true}]}}