{"id":165270,"date":"2024-11-19T09:09:20","date_gmt":"2024-11-19T15:09:20","guid":{"rendered":"https:\/\/nvnoticias.mx\/?p=165270"},"modified":"2024-11-19T09:09:22","modified_gmt":"2024-11-19T15:09:22","slug":"exclusiva-el-imss","status":"publish","type":"post","link":"https:\/\/nvnoticias.mx\/index.php\/2024\/11\/19\/exclusiva-el-imss\/","title":{"rendered":"Exclusiva, el IMSS&#8230;"},"content":{"rendered":"\n<p><\/p>\n\n\n\n<p>Ricardo Chua<\/p>\n\n\n\n<p>Cuenta &#8220;Garganta Profunda&#8221; que s\u00ed habr\u00e1 una gran renovaci\u00f3n dentro del Instituto Mexicano del Seguro Social en el pa\u00eds.. Empezando por su administraci\u00f3n.. Ya que en Palacio Nacional est\u00e1 muy fuerte el rumor.. Que a principios del pr\u00f3ximo a\u00f1o 2025, la Presidenta, Claudia Sheinbaum podr\u00eda generar su primer cambio dentro de su gabinete federal con tal de fortalecer m\u00e1s a las instituciones y se habla de la llegada de un VERACRUZANO al cargo que ahora ostenta Zo\u00e9 Robledo, como director General de esta dependencia..<\/p>\n\n\n\n<p>Nos comentan que este personaje es pol\u00edtico y con larga experiencia en la administraci\u00f3n p\u00fablica, que es oriundo de la ciudad de Coatzacoalcos, que ha trabajado en el servicio p\u00fablico de los tres \u00f3rdenes de gobierno: Municipal, estatal y federal tanto en Veracruz como en CDMX. Goza de muy buena fama p\u00fablica y se ha decidido que \u00e9l sea quien sustituya al chiapaneco en las pr\u00f3ximas semanas.. S\u00f3lo es cuesti\u00f3n de los &#8220;enroques&#8221; mismos de la administraci\u00f3n federal para anunciar estos cambios.. As\u00ed que de nuevo habr\u00e1 &#8220;HUMO BLANCO&#8221; en el IMSS..<\/p>\n\n\n\n<p>LAS NUEVAS DISPUTAS DEL PAN EN VERACRUZ.. Vaya que si contin\u00faan &#8220;duros&#8221; los &#8220;cocolazos&#8221; y se\u00f1alamientos entre los panistas en Veracruz.. Ya que despu\u00e9s de la derrota del pasado 2 de junio, los movimientos hechos por el partido en contra de los Yunes.. Y todo lo que deriv\u00f3 la elecci\u00f3n de la dirigencia nacional que gan\u00f3 en la entidad, Jorge Romero.. Cuando son las reuniones del Consejo Pol\u00edtico Estatal con el Comit\u00e9 Directivo Estatal del PAN, las &#8220;ri\u00f1as&#8221; pol\u00edticas suben de &#8220;tono&#8221;.. Y se ponen mejor que las peleas de Mike Tyson..<\/p>\n\n\n\n<p>Ya que resulta que la semana pasada.. Hubo una reuni\u00f3n por la sesi\u00f3n de Consejo Pol\u00edtico.. En esa misma los consejeros decidieron dejar a Federico Salom\u00f3n, un a\u00f1o m\u00e1s como presidente del CDE del PAN.. A pesar de que varios consejeros en esa junta le dijeron en su cara, que \u00e9l no ha sido el mejor dirigente para los panistas veracruzanos. Restregando a Salom\u00f3n que el tuxpe\u00f1o, Jos\u00e9 Mancha Alarc\u00f3n ha sido el mejor presidente del partido.. Ya que con \u00e9l, se gan\u00f3 una gubernatura, diputaciones locales y alcald\u00edas en 2016 y 2017..<\/p>\n\n\n\n<p>Obvio que eso no cay\u00f3 bien en la figura de Federico Salom\u00f3n.. Pero \u00e9l ya hab\u00eda ganado la primera batalla, que era la ratificaci\u00f3n de su dirigencia.. Pero lo que no esperaba el l\u00edder panista era que su antecesor y aludido, Pepe Mancha tambi\u00e9n le diera &#8220;duro&#8221; a su dirigencia.. Dici\u00e9ndole que \u00e9l s\u00ed sabr\u00eda como resolver las cosas al interior del CDE.. Por lo que le exigi\u00f3 a Salom\u00f3n que le entregar\u00e1 una lista por escrito de las deudas que han pagado a quienes demandaron al PAN, pues, Federico anunci\u00f3 que tienen d\u00e9ficit en su presupuesto.. MOLES..<\/p>\n\n\n\n<p>Pero adem\u00e1s Salom\u00f3n ha argumentado en el Consejo Pol\u00edtico que el PAN en Veracruz.. Les han &#8220;congelado&#8221; una cuenta bancaria donde est\u00e1n las prerrogativas y que por ese motivo, va a pedir prestado a un banco para pagar aguinaldos.. Al final del Consejo Pol\u00edtico muchos consejeros se fueron enojados porque les dec\u00edan que sus participaciones s\u00f3lo deb\u00edan ser de 3 minutos.. Y que no le permitieron m\u00e1s tiempo a Pepe Macha para escuchar qu\u00e9 har\u00eda con su experiencia para resolver estos temas.. Imaginen la cara de Federico Salom\u00f3n.. JA JA JA<\/p>\n\n\n\n<p>REFLEXI\u00d3N.. Federico Salom\u00f3n tendr\u00e1 que hacer dos cosas si no quiere que en 2025 tenga el peor a\u00f1o de su vida pol\u00edtica.. Primero escoger muy bien a los candidatos a las alcald\u00edas, darles a todos espacio y cerrar bien una alianza opositora.. Y lo segundo manejar muy transparentemente el dinero de las prerrogativas del partido.. Si no seguramente Pepe Macha o Joaqu\u00edn Guzm\u00e1n Avil\u00e9s estar\u00e1n esperando el momento.. LOS ZOPILOTES SIEMPRE SABEN DONDE EST\u00c1 EL &#8220;CADAVER&#8221;.. EL QUE ENTENDI\u00d3, ENTENDI\u00d3..<\/p>\n\n\n\n<p>\u00bfMARCELA POR ALVARADO?.. Hay fuertes versiones dentro de los grupos pol\u00edticos que son de la 4T en Veracruz.. Que entre los proyecciones que dej\u00f3 Luisa Mar\u00eda Alcalde y -Andy- L\u00f3pez Beltr\u00e1n para la elecci\u00f3n de los candidatos de su movimiento a las alcald\u00edas en Veracruz, por los 3 partidos que llevan esta alianza con MORENA, que son el PVEM y el PT.. Que se escojan a personajes de buena fama p\u00fablica para que los representen en las elecciones del 2025.. Por ello, en Alvarado, se habla de la empresaria, Marcela Iliana Lara, por esta coalici\u00f3n.<\/p>\n\n\n\n<p>Finalmente, el Movimiento de la 4T en Veracruz viene manejando el tema de que &#8220;Es tiempo de las mujeres&#8221;.. La figura de Marcela Lara representa lo que andan buscando en municipios como Alvarado.. Es empresaria con visi\u00f3n de estadista pol\u00edtica.. En su momento fue figura p\u00fablica.. Y que adem\u00e1s encaja perfectamente en la tesis que promueve esta alianza de lo que deben ser los futuros alcaldes en Veracruz.. Y todo parece indicar que el PVEM le ha &#8220;puesto el ojo&#8221; a Marcela por Alvarado.. Ella les har\u00eda crecer el perfil al municipio.. AMEN..<\/p>\n","protected":false},"excerpt":{"rendered":"<p>Ricardo Chua Cuenta &#8220;Garganta Profunda&#8221; que s\u00ed habr\u00e1 una gran renovaci\u00f3n dentro del Instituto Mexicano del Seguro Social en el pa\u00eds.. Empezando por su administraci\u00f3n.. Ya que en Palacio Nacional est\u00e1 muy fuerte el rumor.. Que a principios del pr\u00f3ximo a\u00f1o 2025, la Presidenta, Claudia Sheinbaum podr\u00eda generar su primer cambio dentro de su gabinete [&hellip;]<\/p>\n","protected":false},"author":29,"featured_media":165271,"comment_status":"open","ping_status":"open","sticky":false,"template":"","format":"standard","meta":{"_monsterinsights_skip_tracking":false,"_monsterinsights_sitenote_active":false,"_monsterinsights_sitenote_note":"","_monsterinsights_sitenote_category":0,"footnotes":""},"categories":[245],"tags":[327],"class_list":["post-165270","post","type-post","status-publish","format-standard","has-post-thumbnail","hentry","category-dialogos-de-poder","tag-ricardo-chua","wp-image-borders"],"amp_enabled":true,"_links":{"self":[{"href":"https:\/\/nvnoticias.mx\/index.php\/wp-json\/wp\/v2\/posts\/165270","targetHints":{"allow":["GET"]}}],"collection":[{"href":"https:\/\/nvnoticias.mx\/index.php\/wp-json\/wp\/v2\/posts"}],"about":[{"href":"https:\/\/nvnoticias.mx\/index.php\/wp-json\/wp\/v2\/types\/post"}],"author":[{"embeddable":true,"href":"https:\/\/nvnoticias.mx\/index.php\/wp-json\/wp\/v2\/users\/29"}],"replies":[{"embeddable":true,"href":"https:\/\/nvnoticias.mx\/index.php\/wp-json\/wp\/v2\/comments?post=165270"}],"version-history":[{"count":1,"href":"https:\/\/nvnoticias.mx\/index.php\/wp-json\/wp\/v2\/posts\/165270\/revisions"}],"predecessor-version":[{"id":165272,"href":"https:\/\/nvnoticias.mx\/index.php\/wp-json\/wp\/v2\/posts\/165270\/revisions\/165272"}],"wp:featuredmedia":[{"embeddable":true,"href":"https:\/\/nvnoticias.mx\/index.php\/wp-json\/wp\/v2\/media\/165271"}],"wp:attachment":[{"href":"https:\/\/nvnoticias.mx\/index.php\/wp-json\/wp\/v2\/media?parent=165270"}],"wp:term":[{"taxonomy":"category","embeddable":true,"href":"https:\/\/nvnoticias.mx\/index.php\/wp-json\/wp\/v2\/categories?post=165270"},{"taxonomy":"post_tag","embeddable":true,"href":"https:\/\/nvnoticias.mx\/index.php\/wp-json\/wp\/v2\/tags?post=165270"}],"curies":[{"name":"wp","href":"https:\/\/api.w.org\/{rel}","templated":true}]}}