{"id":16527,"date":"2021-06-18T12:29:08","date_gmt":"2021-06-18T17:29:08","guid":{"rendered":"https:\/\/nvnoticias.mx\/?p=16527"},"modified":"2021-06-18T12:29:09","modified_gmt":"2021-06-18T17:29:09","slug":"chicharito-regresa-a-la-seleccion-mexicana","status":"publish","type":"post","link":"https:\/\/nvnoticias.mx\/index.php\/2021\/06\/18\/chicharito-regresa-a-la-seleccion-mexicana\/","title":{"rendered":"Chicharito regresa a la selecci\u00f3n mexicana"},"content":{"rendered":"\n<h2 class=\"wp-block-heading\">Javier Hern\u00e1ndez se posiciona en la lista preliminar para la Copa Oro junto a Rogelio Funes Mori.<\/h2>\n\n\n\n<p>El popular delantero mexicano <strong>Javier\u00a0&#8220;el <em>Chicharito&#8221;<\/em>\u00a0Hern\u00e1ndez,\u00a0<\/strong>figura en la lista preliminar de la\u00a0<strong>Selecci\u00f3n Mexicana<\/strong> para la\u00a0<strong>Copa Oro 2021<\/strong>, luego de no ser tomado en cuenta desde septiembre de 2019<strong>,<\/strong> al igual que el delantero argentino naturalizado mexicano\u00a0<strong>Rogelio Funes Mori<\/strong>.<\/p>\n\n\n\n<p>La lista preliminar consta de <strong>60 jugadores<\/strong>, mientras que la lista final la dar\u00e1 a conocer <strong>Gerardo Martino<\/strong> el pr\u00f3ximo <strong>1 de julio<\/strong>.<\/p>\n\n\n\n<p>La lista completa incluye a:<\/p>\n\n\n\n<p><strong>Porteros:<\/strong>&nbsp;Rodolfo Cota, Hugo Gonz\u00e1lez, Guillermo Ochoa, Jonathan Orozco y Alfredo Talavera.<\/p>\n\n\n\n<p><strong>Defensas:<\/strong>&nbsp;Kevin \u00c1lvarez, Edson \u00c1lvarez, Jes\u00fas Angulo, N\u00e9stor Araujo, Gerardo Arteaga, Jos\u00e9 Esquivel, V\u00edctor Guzm\u00e1n, Vladimir Loro\u00f1a, Alejandro Mayorga, C\u00e9sar Montes, H\u00e9ctor Moreno, Alan Mozo, Diego Reyes, Luis Rodr\u00edguez, Osvaldo Rodr\u00edguez, Luis Romo, Carlos Salcedo, Jorge S\u00e1nchez, Gilberto Sep\u00falveda, Johan V\u00e1squez.<\/p>\n\n\n\n<p><strong>Medios:&nbsp;<\/strong>Erick Aguirre, Roberto Alvarado, Jes\u00fas Ricardo Angulo, Fernando Beltr\u00e1n, Alan Cervantes, Luis Ch\u00e1vez, Francisco C\u00f3rdova, Jonathan dos Santos, Jes\u00fas Gallardo, Andr\u00e9s Guardado, Erick Guti\u00e9rrez, H\u00e9ctor Herrera, Diego Lainez, Miguel Lay\u00fan, Erik Lira, Orbel\u00edn Pineda, Jos\u00e9 Ram\u00edrez, Carlos Rodr\u00edguez, Ian Jairo Torres.<\/p>\n\n\n\n<p><strong>Delanteros:<\/strong>\u00a0Efra\u00edn \u00c1lvarez, Uriel Antuna, Jes\u00fas \u2018Tecatito\u2019 Corona, Roberto de la Rosa, Rogelio Funes Mori, Santiago Gim\u00e9nez, Javier \u2018Chicharito\u2019 Hern\u00e1ndez, Hirving Lozano, Jos\u00e9 Juan Mac\u00edas, Henry Mart\u00edn, Rodolfo Pizarro, Alan Pulido, Marcel Ruiz, Erick S\u00e1nchez, Alexis Vega y Alejandro Zendejas.<\/p>\n\n\n\n<figure class=\"wp-block-image size-large\"><img loading=\"lazy\" decoding=\"async\" width=\"1024\" height=\"512\" src=\"https:\/\/nvnoticias.mx\/wp-content\/uploads\/2021\/06\/E4K7lFaWUAEs2d3-1024x512.jpeg\" alt=\"\" class=\"wp-image-16549\" srcset=\"https:\/\/nvnoticias.mx\/wp-content\/uploads\/2021\/06\/E4K7lFaWUAEs2d3-1024x512.jpeg 1024w, https:\/\/nvnoticias.mx\/wp-content\/uploads\/2021\/06\/E4K7lFaWUAEs2d3-300x150.jpeg 300w, https:\/\/nvnoticias.mx\/wp-content\/uploads\/2021\/06\/E4K7lFaWUAEs2d3-768x384.jpeg 768w, https:\/\/nvnoticias.mx\/wp-content\/uploads\/2021\/06\/E4K7lFaWUAEs2d3-1536x768.jpeg 1536w, https:\/\/nvnoticias.mx\/wp-content\/uploads\/2021\/06\/E4K7lFaWUAEs2d3.jpeg 2048w\" sizes=\"auto, (max-width: 1024px) 100vw, 1024px\" \/><figcaption>Foto: Twitter<\/figcaption><\/figure>\n","protected":false},"excerpt":{"rendered":"<p>Javier Hern\u00e1ndez se posiciona en la lista preliminar para la Copa Oro junto a Rogelio Funes Mori. El popular delantero mexicano Javier\u00a0&#8220;el Chicharito&#8221;\u00a0Hern\u00e1ndez,\u00a0figura en la lista preliminar de la\u00a0Selecci\u00f3n Mexicana para la\u00a0Copa Oro 2021, luego de no ser tomado en cuenta desde septiembre de 2019, al igual que el delantero argentino naturalizado mexicano\u00a0Rogelio Funes Mori. [&hellip;]<\/p>\n","protected":false},"author":35,"featured_media":16550,"comment_status":"open","ping_status":"open","sticky":false,"template":"","format":"standard","meta":{"_monsterinsights_skip_tracking":false,"_monsterinsights_sitenote_active":false,"_monsterinsights_sitenote_note":"","_monsterinsights_sitenote_category":0,"footnotes":""},"categories":[159],"tags":[4511,3651,4513,561,402,4510,292,4512,2694],"class_list":["post-16527","post","type-post","status-publish","format-standard","has-post-thumbnail","hentry","category-deportes","tag-chicharito","tag-copa-oro","tag-copa-oro-2021","tag-deportes","tag-futbol-2","tag-javier-hernandez","tag-mexico","tag-rogelio-funes-mori","tag-seleccion-mexicana","wp-image-borders"],"amp_enabled":true,"_links":{"self":[{"href":"https:\/\/nvnoticias.mx\/index.php\/wp-json\/wp\/v2\/posts\/16527","targetHints":{"allow":["GET"]}}],"collection":[{"href":"https:\/\/nvnoticias.mx\/index.php\/wp-json\/wp\/v2\/posts"}],"about":[{"href":"https:\/\/nvnoticias.mx\/index.php\/wp-json\/wp\/v2\/types\/post"}],"author":[{"embeddable":true,"href":"https:\/\/nvnoticias.mx\/index.php\/wp-json\/wp\/v2\/users\/35"}],"replies":[{"embeddable":true,"href":"https:\/\/nvnoticias.mx\/index.php\/wp-json\/wp\/v2\/comments?post=16527"}],"version-history":[{"count":1,"href":"https:\/\/nvnoticias.mx\/index.php\/wp-json\/wp\/v2\/posts\/16527\/revisions"}],"predecessor-version":[{"id":16551,"href":"https:\/\/nvnoticias.mx\/index.php\/wp-json\/wp\/v2\/posts\/16527\/revisions\/16551"}],"wp:featuredmedia":[{"embeddable":true,"href":"https:\/\/nvnoticias.mx\/index.php\/wp-json\/wp\/v2\/media\/16550"}],"wp:attachment":[{"href":"https:\/\/nvnoticias.mx\/index.php\/wp-json\/wp\/v2\/media?parent=16527"}],"wp:term":[{"taxonomy":"category","embeddable":true,"href":"https:\/\/nvnoticias.mx\/index.php\/wp-json\/wp\/v2\/categories?post=16527"},{"taxonomy":"post_tag","embeddable":true,"href":"https:\/\/nvnoticias.mx\/index.php\/wp-json\/wp\/v2\/tags?post=16527"}],"curies":[{"name":"wp","href":"https:\/\/api.w.org\/{rel}","templated":true}]}}