{"id":16519,"date":"2021-06-18T10:48:46","date_gmt":"2021-06-18T15:48:46","guid":{"rendered":"https:\/\/nvnoticias.mx\/?p=16519"},"modified":"2021-06-18T10:48:47","modified_gmt":"2021-06-18T15:48:47","slug":"baja-ritmo-de-vacunacion-por-menor-disponibilidad-de-dosis","status":"publish","type":"post","link":"https:\/\/nvnoticias.mx\/index.php\/2021\/06\/18\/baja-ritmo-de-vacunacion-por-menor-disponibilidad-de-dosis\/","title":{"rendered":"Baja ritmo de vacunaci\u00f3n por menor disponibilidad de dosis"},"content":{"rendered":"\n<p>El presidente Andr\u00e9s Manuel L\u00f3pez Obrador reconoci\u00f3 que en M\u00e9xico disminuy\u00f3 el ritmo de la vacunaci\u00f3n contra el coronavirus, debido a que tambi\u00e9n se redujo la llegada de dosis al pa\u00eds debido a la disponibilidad, por lo que se buscar\u00e1 reforzar el plan nacional de inmunizaci\u00f3n.<\/p>\n\n\n\n<p>En Palacio Nacional, L\u00f3pez Obrador asegur\u00f3 que, pese a la reducci\u00f3n en la llegada de vacunas, s\u00ed hay dosis disponibles; sin embargo, no quieren confiarse para evitar un rebrote o una nueva ola de contagios.<\/p>\n\n\n\n<blockquote class=\"wp-block-quote is-layout-flow wp-block-quote-is-layout-flow\"><p>Baj\u00f3 el ritmo de llegada de vacunas, hay disponibilidad, pero podemos probar que han llegado menos vacunas. Eso nos ha bajado el n\u00famero de personas vacunadas.<\/p><\/blockquote>\n\n\n\n<blockquote class=\"wp-block-quote is-layout-flow wp-block-quote-is-layout-flow\"><p>&#8220;\u00bfPorque importante vacunaci\u00f3n? Porque puede haber un rebrote, una nueva ola de contagios y no estamos confi\u00e1ndonos&#8221;, dijo en su conferencia ma\u00f1anera.\u00a0<\/p><\/blockquote>\n\n\n\n<p>El presidente mencion\u00f3 que para reforzar el plan nacional de inmunizaci\u00f3n, las autoridades federales se reunir\u00e1n con los equipos de vacunaci\u00f3n de los estados.<\/p>\n\n\n\n<p>Fuente: <a href=\"https:\/\/www.milenio.com\/politica\/amlo-vacunacion-anticovid-reduccion-llegada-dosis\">Milenio<\/a><\/p>\n","protected":false},"excerpt":{"rendered":"<p>El presidente Andr\u00e9s Manuel L\u00f3pez Obrador reconoci\u00f3 que en M\u00e9xico disminuy\u00f3 el ritmo de la vacunaci\u00f3n contra el coronavirus, debido a que tambi\u00e9n se redujo la llegada de dosis al pa\u00eds debido a la disponibilidad, por lo que se buscar\u00e1 reforzar el plan nacional de inmunizaci\u00f3n. En Palacio Nacional, L\u00f3pez Obrador asegur\u00f3 que, pese a [&hellip;]<\/p>\n","protected":false},"author":6,"featured_media":9241,"comment_status":"open","ping_status":"open","sticky":false,"template":"","format":"standard","meta":{"_monsterinsights_skip_tracking":false,"_monsterinsights_sitenote_active":false,"_monsterinsights_sitenote_note":"","_monsterinsights_sitenote_category":0,"footnotes":""},"categories":[157],"tags":[175,809],"class_list":["post-16519","post","type-post","status-publish","format-standard","has-post-thumbnail","hentry","category-nacional","tag-covid-19","tag-vacunacion","wp-image-borders"],"amp_enabled":true,"_links":{"self":[{"href":"https:\/\/nvnoticias.mx\/index.php\/wp-json\/wp\/v2\/posts\/16519","targetHints":{"allow":["GET"]}}],"collection":[{"href":"https:\/\/nvnoticias.mx\/index.php\/wp-json\/wp\/v2\/posts"}],"about":[{"href":"https:\/\/nvnoticias.mx\/index.php\/wp-json\/wp\/v2\/types\/post"}],"author":[{"embeddable":true,"href":"https:\/\/nvnoticias.mx\/index.php\/wp-json\/wp\/v2\/users\/6"}],"replies":[{"embeddable":true,"href":"https:\/\/nvnoticias.mx\/index.php\/wp-json\/wp\/v2\/comments?post=16519"}],"version-history":[{"count":1,"href":"https:\/\/nvnoticias.mx\/index.php\/wp-json\/wp\/v2\/posts\/16519\/revisions"}],"predecessor-version":[{"id":16520,"href":"https:\/\/nvnoticias.mx\/index.php\/wp-json\/wp\/v2\/posts\/16519\/revisions\/16520"}],"wp:featuredmedia":[{"embeddable":true,"href":"https:\/\/nvnoticias.mx\/index.php\/wp-json\/wp\/v2\/media\/9241"}],"wp:attachment":[{"href":"https:\/\/nvnoticias.mx\/index.php\/wp-json\/wp\/v2\/media?parent=16519"}],"wp:term":[{"taxonomy":"category","embeddable":true,"href":"https:\/\/nvnoticias.mx\/index.php\/wp-json\/wp\/v2\/categories?post=16519"},{"taxonomy":"post_tag","embeddable":true,"href":"https:\/\/nvnoticias.mx\/index.php\/wp-json\/wp\/v2\/tags?post=16519"}],"curies":[{"name":"wp","href":"https:\/\/api.w.org\/{rel}","templated":true}]}}