{"id":165112,"date":"2024-11-16T17:32:16","date_gmt":"2024-11-16T23:32:16","guid":{"rendered":"https:\/\/nvnoticias.mx\/?p=165112"},"modified":"2024-11-16T17:32:17","modified_gmt":"2024-11-16T23:32:17","slug":"estos-son-los-ganadores-de-los-latin-grammy-2024","status":"publish","type":"post","link":"https:\/\/nvnoticias.mx\/index.php\/2024\/11\/16\/estos-son-los-ganadores-de-los-latin-grammy-2024\/","title":{"rendered":"Estos son los ganadores de los Latin Grammy 2024"},"content":{"rendered":"\n<p><\/p>\n\n\n\n<p>Este jueves la m\u00fasica latina celebr\u00f3 la 25\u00aa edici\u00f3n de los Premios Latin Grammy en el Kaseya Center de Miami, Estados Unidos.<\/p>\n\n\n\n<p>Esta es la lista de los ganadores de los Latin Grammy 2024:  <\/p>\n\n\n\n<p><strong>\u00c1lbum del a\u00f1o<\/strong><\/p>\n\n\n\n<ul class=\"wp-block-list\">\n<li>Radio Guira &#8211; Juan Luis Guerra 4.40<\/li>\n<\/ul>\n\n\n\n<p><strong>Canci\u00f3n del a\u00f1o<\/strong><\/p>\n\n\n\n<ul class=\"wp-block-list\">\n<li>Derrumbe &#8211; Jorge Drexler<\/li>\n<\/ul>\n\n\n\n<p><strong>Mejor Nuevo Artista<\/strong><\/p>\n\n\n\n<ul class=\"wp-block-list\">\n<li>Ela Taubert<\/li>\n<\/ul>\n\n\n\n<p><\/p>\n\n\n\n<p><strong>Grabaci\u00f3n del a\u00f1o<\/strong><\/p>\n\n\n\n<ul class=\"wp-block-list\">\n<li>Mambo 23 &#8211; Juan Luis Guerra 4.40<\/li>\n<\/ul>\n\n\n\n<p><strong>Mejor \u00c1lbum Pop Vocal<\/strong><\/p>\n\n\n\n<ul class=\"wp-block-list\">\n<li>El Viaje &#8211; Luis Fonsi<\/li>\n<\/ul>\n\n\n\n<p><strong>Mejor \u00c1lbum de M\u00fasica Urbana<\/strong><\/p>\n\n\n\n<ul class=\"wp-block-list\">\n<li>Ma\u00f1ana Ser\u00e1 Bonito (Bichota Season) &#8211; Karol G<\/li>\n<\/ul>\n\n\n\n<p><strong>Mejor \u00c1lbum Pop\/Rock<\/strong><\/p>\n\n\n\n<ul class=\"wp-block-list\">\n<li>Reflejos De Lo Eterno &#8211; Draco Rosa<\/li>\n<\/ul>\n\n\n\n<p><strong>Mejor \u00c1lbum Tradicional de Pop Vocal<\/strong><\/p>\n\n\n\n<ul class=\"wp-block-list\">\n<li>Garc\u00eda &#8211; Kany Garc\u00eda<\/li>\n<\/ul>\n\n\n\n<p><strong>Mejor \u00c1lbum de M\u00fasica Mexicana Contempor\u00e1nea<\/strong><\/p>\n\n\n\n<ul class=\"wp-block-list\">\n<li>Boca Chueca, Vol. 1 &#8211; Carin Le\u00f3nNata Montana &#8211; Natanael Cano<\/li>\n<\/ul>\n\n\n\n<p><strong>Mejor Canci\u00f3n Pop<\/strong><\/p>\n\n\n\n<ul class=\"wp-block-list\">\n<li>Feriado &#8211; Manuel Lorente Freire, H\u00e9ctor Mazzarri, Alberto Montenegro, Daniel Rond\u00f3n &amp; Andres Story<\/li>\n<\/ul>\n\n\n\n<p><strong>Mejor \u00c1lbum Norte\u00f1o<\/strong><\/p>\n\n\n\n<ul class=\"wp-block-list\">\n<li>El Comienzo &#8211; Grupo Frontera<\/li>\n<\/ul>\n\n\n\n<p><strong>Mejor \u00c1lbum de Banda<\/strong><\/p>\n\n\n\n<ul class=\"wp-block-list\">\n<li>Diamantes &#8211; Chiquis<\/li>\n<\/ul>\n\n\n\n<p><strong>Mejor \u00c1lbum Ranchero\/Mariachi<\/strong><\/p>\n\n\n\n<ul class=\"wp-block-list\">\n<li>Te Llevo En La Sangre &#8211; Alejandro Fern\u00e1ndez<\/li>\n<\/ul>\n\n\n\n<p><strong>Mejor \u00c1lbum de M\u00fasica Alternativa<\/strong><\/p>\n\n\n\n<ul class=\"wp-block-list\">\n<li>Autopoi\u00e9tica &#8211; Mon Laferte<\/li>\n<\/ul>\n\n\n\n<p><strong>Mejor Canci\u00f3n Alternativa<\/strong><\/p>\n\n\n\n<ul class=\"wp-block-list\">\n<li>El D\u00eda Que Perd\u00ed Mi Juventud &#8211; Devont\u00e9 Hynes &amp; Nathy Peluso<\/li>\n<\/ul>\n\n\n\n<p><strong>Mejor Canci\u00f3n Pop\/Rock<\/strong><\/p>\n\n\n\n<ul class=\"wp-block-list\">\n<li>5 Horas Menos &#8211; Conociendo Rusia &amp; Natalia Lafourcade<\/li>\n<\/ul>\n\n\n\n<p><strong>Mejor Canci\u00f3n de Rock<\/strong><\/p>\n\n\n\n<ul class=\"wp-block-list\">\n<li>No Me Preguntes (Live) &#8211; Jes\u00fas Quintero y Draco Rosa<\/li>\n<\/ul>\n\n\n\n<p><strong>Mejor \u00c1lbum de Rock<\/strong><\/p>\n\n\n\n<ul class=\"wp-block-list\">\n<li>El Dorado (En Vivo) &#8211; Aterciopelados<\/li>\n<\/ul>\n\n\n\n<p><strong>Mejor Canci\u00f3n de M\u00fasica Regional<\/strong><\/p>\n\n\n\n<ul class=\"wp-block-list\">\n<li>El Amor De Su Vida &#8211; Edgar Barrera &amp; Kevyn Mauricio Cruz<\/li>\n<\/ul>\n\n\n\n<p><\/p>\n","protected":false},"excerpt":{"rendered":"<p>Este jueves la m\u00fasica latina celebr\u00f3 la 25\u00aa edici\u00f3n de los Premios Latin Grammy en el Kaseya Center de Miami, Estados Unidos. Esta es la lista de los ganadores de los Latin Grammy 2024: \u00c1lbum del a\u00f1o Canci\u00f3n del a\u00f1o Mejor Nuevo Artista Grabaci\u00f3n del a\u00f1o Mejor \u00c1lbum Pop Vocal Mejor \u00c1lbum de M\u00fasica Urbana [&hellip;]<\/p>\n","protected":false},"author":8,"featured_media":165113,"comment_status":"open","ping_status":"open","sticky":false,"template":"","format":"standard","meta":{"_monsterinsights_skip_tracking":false,"_monsterinsights_sitenote_active":false,"_monsterinsights_sitenote_note":"","_monsterinsights_sitenote_category":0,"footnotes":""},"categories":[576],"tags":[510,4333,6282],"class_list":["post-165112","post","type-post","status-publish","format-standard","has-post-thumbnail","hentry","category-ocio","tag-510","tag-ganadores","tag-latin-grammy","wp-image-borders"],"amp_enabled":true,"_links":{"self":[{"href":"https:\/\/nvnoticias.mx\/index.php\/wp-json\/wp\/v2\/posts\/165112","targetHints":{"allow":["GET"]}}],"collection":[{"href":"https:\/\/nvnoticias.mx\/index.php\/wp-json\/wp\/v2\/posts"}],"about":[{"href":"https:\/\/nvnoticias.mx\/index.php\/wp-json\/wp\/v2\/types\/post"}],"author":[{"embeddable":true,"href":"https:\/\/nvnoticias.mx\/index.php\/wp-json\/wp\/v2\/users\/8"}],"replies":[{"embeddable":true,"href":"https:\/\/nvnoticias.mx\/index.php\/wp-json\/wp\/v2\/comments?post=165112"}],"version-history":[{"count":1,"href":"https:\/\/nvnoticias.mx\/index.php\/wp-json\/wp\/v2\/posts\/165112\/revisions"}],"predecessor-version":[{"id":165114,"href":"https:\/\/nvnoticias.mx\/index.php\/wp-json\/wp\/v2\/posts\/165112\/revisions\/165114"}],"wp:featuredmedia":[{"embeddable":true,"href":"https:\/\/nvnoticias.mx\/index.php\/wp-json\/wp\/v2\/media\/165113"}],"wp:attachment":[{"href":"https:\/\/nvnoticias.mx\/index.php\/wp-json\/wp\/v2\/media?parent=165112"}],"wp:term":[{"taxonomy":"category","embeddable":true,"href":"https:\/\/nvnoticias.mx\/index.php\/wp-json\/wp\/v2\/categories?post=165112"},{"taxonomy":"post_tag","embeddable":true,"href":"https:\/\/nvnoticias.mx\/index.php\/wp-json\/wp\/v2\/tags?post=165112"}],"curies":[{"name":"wp","href":"https:\/\/api.w.org\/{rel}","templated":true}]}}