{"id":165074,"date":"2024-11-16T10:11:37","date_gmt":"2024-11-16T16:11:37","guid":{"rendered":"https:\/\/nvnoticias.mx\/?p=165074"},"modified":"2024-11-16T10:11:39","modified_gmt":"2024-11-16T16:11:39","slug":"diputados-y-ahora-candidatos-en-veracruz","status":"publish","type":"post","link":"https:\/\/nvnoticias.mx\/index.php\/2024\/11\/16\/diputados-y-ahora-candidatos-en-veracruz\/","title":{"rendered":"Diputados y ahora candidatos en Veracruz"},"content":{"rendered":"\n<p><\/p>\n\n\n\n<p><strong>Ricardo Chua<\/strong><\/p>\n\n\n\n<p>Todav\u00eda corren fuertes versiones al interior de MORENA en Veracruz.. Que hay diputados locales que acaban de tomar protesta en el Congreso del Estado, hace menos de 15 d\u00edas y ya quieren irse a &#8220;embarcar&#8221; a nueva &#8220;aventura&#8221; pol\u00edtica.. Quieren gobernar su &#8220;terru\u00f1o&#8221;.. Y pese a las &#8220;restricciones&#8221; impuestas por los que mandan en la entidad.. Ellos quieren quedarse con esa candidatura &#8220;haiga como haiga sido&#8221;.. Lo importante es que los llamen: Presidentes Municipales..<\/p>\n\n\n\n<p>Hay que recordar que son 41 curules de los 50 que hay en esa Legislatura estatal que son del MORENA y sus aliados como el PVEM y PT.. Lo cual genera que tengan mayor\u00eda calificada en ese recinto.. Son una &#8220;aplanadora&#8221; en el poder legislativo.. Por eso, el rumor es que algunos de ellos, podr\u00eda muy pronto por intereses personales salirse del &#8220;huacal&#8221; a la 4T.. Ya que se cuenta que algunos les fueron a decir.. Que la decisi\u00f3n que viene tomada desde el comit\u00e9 nacional de su partido, a muchos de ellos, no les favorece..<\/p>\n\n\n\n<p>Pero ahora que han tomado el poder en el Congreso Local.. Se ven con fuerza y con fuero.. Y que saben que postul\u00e1ndose por MORENA es poco probable que pierdan la elecci\u00f3n.. Se quieren &#8220;encaramar&#8221; como sea para este proceso local.. Mismo que ya inici\u00f3 legalmente el pasado 7 de noviembre por parte del OPLE (Organismo P\u00fablico Local Electoral).. Y es obvio que muchos de ellos quieren ahora ser alcaldes porque saben que tuvieron el triunfo por el movimiento de la 4T en sus distritos.. Se sienten con fuerza..<\/p>\n\n\n\n<p>En este mismo espacio, se\u00f1alamos en d\u00edas anteriores, que los hay c\u00e1lculos entre los partidos de oposici\u00f3n.. De que diputados de la 4T andan promocion\u00e1ndose con todo en redes sociales, para buscar ser postulados como aspirantes oficiales de MORENA-PVEM-PT.. Y que son alrededor de 22 legisladores de esa alianza, los que podr\u00edan abandonar su curul, pedir licencia a s\u00f3lo 120 d\u00edas de haber tomado protesta.. Siempre y cuando, el principal activo pol\u00edtico de MORENA en Veracruz, que es Roc\u00edo Nahle, se los permita..<\/p>\n\n\n\n<p>Tambi\u00e9n recordamos que si se presenta esta situaci\u00f3n.. Al menos, casi la mitad de la legislatura y la mayor\u00eda de diputados de MORENA-PT-PVEM abandonar\u00edan sus cargos legislativos para emprender otra aventura pol\u00edtica.. Por lo que tomar\u00edan protesta sus suplentes.. El problema ser\u00eda que con la salida de diputados del &#8220;oficilismo&#8221; dejar\u00edan pendientes las reformas constitucionales locales, que la 4T quiere hacer en el 2025 a propuesta de la Presidenta, Claudia Shienbaum y la que entonces ser\u00e1 gobernadora de Veracruz, Roc\u00edo Nahle..<\/p>\n\n\n\n<p>Sin embargo, en el ambiente pol\u00edtico veracruzano de MORENA.. Sigue pesando esa frase dicha por la misma Roc\u00edo Nahle, que se\u00f1al\u00f3 en diversas ocasiones en los medios de comunicaci\u00f3n y discursos pol\u00edticos.. De que ning\u00fan diputado local en funciones, podr\u00eda ser candidato a alcalde porque eso &#8220;romper\u00eda&#8221; uno de los principios de la 4T: NO MENTIR.. Y a pesar de que digan que el poder legislativo es aut\u00f3nomo.. En estos tiempos nadie cree eso.. As\u00ed que no les queda de otra.. Si no tienen la &#8220;bendici\u00f3n&#8221; no ser\u00e1n candidatos.. AMEN..<\/p>\n\n\n\n<p>EL NUEVO TITULAR DE LA SSP EN VERACRUZ.. Mucho se ha comentado en varios espacios pol\u00edticos y en el &#8220;c\u00edrculo rojo&#8221; del poder en Veracruz.. Que quien ocupara el cargo de titular de la Secretar\u00eda de Seguridad P\u00fablica del Estado.. Ser\u00e1 un alto mando de la Secretar\u00eda de la Defensa Nacional.. A propuesta del propio titular de la SSP federal, Omar Garc\u00eda Harfuch, misma que fue aceptada por la gobernadora electa, Roc\u00edo Nahle.. Y que seg\u00fan cuentan este nombramiento podr\u00eda darse en la pr\u00f3xima semana.. A m\u00e1s tardar.. HUMO BLANCO<\/p>\n\n\n\n<p>Motivo por el cual, es probable que la pr\u00f3xima semana tambi\u00e9n pueda venir a Veracruz.. El propio Garc\u00eda Harfuch en su calidad de titular de SSP federal para atestiguar este anuncio que har\u00eda Nahle Garc\u00eda para hacerse efectivo a las 0 horas del pr\u00f3ximo 1 de diciembre.. Pero ya se conocer\u00eda a la persona, que ser\u00eda un militar, que estar\u00eda encargada de brindarle seguridad a los veracruzanos en el pr\u00f3ximo sexenio que apenas comienza en unos 15 d\u00edas..<\/p>\n\n\n\n<p>Hay que recordar que hubo muchas versiones de que por instrucciones de la misma Presidenta, Claudia Shienbaum, los gobernadores que van entrar en funciones o que apenas est\u00e1n comenzando a ejercer el poder.. Pueden colocar a efectivos de la SEDENA o Secretar\u00eda de Marina para combatir la inseguridad en sus estados en coordinaci\u00f3n con Omar Garc\u00eda Harfuch.. Donde dar\u00edan prioridad a las tareas de inteligencia para combatir el crimen.. Algo que tambi\u00e9n se negociar\u00eda con algunos mandatarios de oposici\u00f3n..<\/p>\n\n\n\n<p>As\u00ed que dado los altos \u00edndices delictivos y violencia que hay en la entidad.. Sobre todo cr\u00edmenes de alto impacto y feminicidios, que les deja como &#8220;herencia&#8221; Cuitl\u00e1huac Garc\u00eda.. Pues van a tomar &#8220;cartas en el asunto&#8221;, una situaci\u00f3n que ya est\u00e1 platicada con la gobernadora electa, Roc\u00edo Nahle.. Ya que el gobierno federal tiene proyectado que ser\u00e1n Marinos o Militares de alto rango, los que lleguen a las distintas secretar\u00edas de seguridad p\u00fablica en los estados.. Para combatir el crimen y a los grupos fuera de la ley.. AS\u00cd SEA.. AMEN..<\/p>\n","protected":false},"excerpt":{"rendered":"<p>Ricardo Chua Todav\u00eda corren fuertes versiones al interior de MORENA en Veracruz.. Que hay diputados locales que acaban de tomar protesta en el Congreso del Estado, hace menos de 15 d\u00edas y ya quieren irse a &#8220;embarcar&#8221; a nueva &#8220;aventura&#8221; pol\u00edtica.. Quieren gobernar su &#8220;terru\u00f1o&#8221;.. Y pese a las &#8220;restricciones&#8221; impuestas por los que mandan [&hellip;]<\/p>\n","protected":false},"author":29,"featured_media":165075,"comment_status":"open","ping_status":"open","sticky":false,"template":"","format":"standard","meta":{"_monsterinsights_skip_tracking":false,"_monsterinsights_sitenote_active":false,"_monsterinsights_sitenote_note":"","_monsterinsights_sitenote_category":0,"footnotes":""},"categories":[245],"tags":[327],"class_list":["post-165074","post","type-post","status-publish","format-standard","has-post-thumbnail","hentry","category-dialogos-de-poder","tag-ricardo-chua","wp-image-borders"],"amp_enabled":true,"_links":{"self":[{"href":"https:\/\/nvnoticias.mx\/index.php\/wp-json\/wp\/v2\/posts\/165074","targetHints":{"allow":["GET"]}}],"collection":[{"href":"https:\/\/nvnoticias.mx\/index.php\/wp-json\/wp\/v2\/posts"}],"about":[{"href":"https:\/\/nvnoticias.mx\/index.php\/wp-json\/wp\/v2\/types\/post"}],"author":[{"embeddable":true,"href":"https:\/\/nvnoticias.mx\/index.php\/wp-json\/wp\/v2\/users\/29"}],"replies":[{"embeddable":true,"href":"https:\/\/nvnoticias.mx\/index.php\/wp-json\/wp\/v2\/comments?post=165074"}],"version-history":[{"count":1,"href":"https:\/\/nvnoticias.mx\/index.php\/wp-json\/wp\/v2\/posts\/165074\/revisions"}],"predecessor-version":[{"id":165076,"href":"https:\/\/nvnoticias.mx\/index.php\/wp-json\/wp\/v2\/posts\/165074\/revisions\/165076"}],"wp:featuredmedia":[{"embeddable":true,"href":"https:\/\/nvnoticias.mx\/index.php\/wp-json\/wp\/v2\/media\/165075"}],"wp:attachment":[{"href":"https:\/\/nvnoticias.mx\/index.php\/wp-json\/wp\/v2\/media?parent=165074"}],"wp:term":[{"taxonomy":"category","embeddable":true,"href":"https:\/\/nvnoticias.mx\/index.php\/wp-json\/wp\/v2\/categories?post=165074"},{"taxonomy":"post_tag","embeddable":true,"href":"https:\/\/nvnoticias.mx\/index.php\/wp-json\/wp\/v2\/tags?post=165074"}],"curies":[{"name":"wp","href":"https:\/\/api.w.org\/{rel}","templated":true}]}}