{"id":165059,"date":"2024-11-15T14:52:03","date_gmt":"2024-11-15T20:52:03","guid":{"rendered":"https:\/\/nvnoticias.mx\/?p=165059"},"modified":"2024-11-15T14:52:04","modified_gmt":"2024-11-15T20:52:04","slug":"danna-y-ariana-grande-juntas-en-comercial-de-cinepolis","status":"publish","type":"post","link":"https:\/\/nvnoticias.mx\/index.php\/2024\/11\/15\/danna-y-ariana-grande-juntas-en-comercial-de-cinepolis\/","title":{"rendered":"Danna y Ariana Grande juntas en comercial de Cin\u00e9polis"},"content":{"rendered":"\n<p><strong>Cin\u00e9polis<\/strong>\u00a0lanz\u00f3 un impactante comercial que r\u00e1pidamente ha captado la atenci\u00f3n de los amantes del cine, gracias a la participaci\u00f3n de dos reconocidas artistas: la cantante estadounidense\u00a0<strong>Ariana Grande<\/strong>\u00a0y la actriz mexicana\u00a0<strong>Danna<\/strong>. Ambas unieron su talento para esta campa\u00f1a, que rinde homenaje al pr\u00f3ximo estreno de la adaptaci\u00f3n cinematogr\u00e1fica del aclamado musical \u201c<strong>Wicked<\/strong>\u201d.<\/p>\n\n\n\n<h2 class=\"wp-block-heading\"><\/h2>\n\n\n\n<p>El \u00e9pico video fue presentado a trav\u00e9s de la plataforma X, donde los usuarios quedaron maravillados por la calidad de la producci\u00f3n y la qu\u00edmica entre las artistas. En el clip,\u00a0<strong>ambas personalidades recrean momentos ic\u00f3nicos del musical<\/strong>, mientras destacan la magia del cine como una experiencia inolvidable.<\/p>\n\n\n\n<p>La campa\u00f1a\u00a0<strong>busca resaltar el poder de la m\u00fasica y el talento\u00a0<\/strong>de Grande y Danna, quienes invitan a los cin\u00e9filos a disfrutar del cine en su m\u00e1ximo esplendor. Desde su publicaci\u00f3n, el video acumula m\u00e1s de\u00a072 mil reproducciones\u00a0y ha generado m\u00e1s de\u00a03 mil \u201clikes\u201d, consolid\u00e1ndose como uno de los lanzamientos m\u00e1s comentados en redes sociales.<\/p>\n","protected":false},"excerpt":{"rendered":"<p>Cin\u00e9polis\u00a0lanz\u00f3 un impactante comercial que r\u00e1pidamente ha captado la atenci\u00f3n de los amantes del cine, gracias a la participaci\u00f3n de dos reconocidas artistas: la cantante estadounidense\u00a0Ariana Grande\u00a0y la actriz mexicana\u00a0Danna. Ambas unieron su talento para esta campa\u00f1a, que rinde homenaje al pr\u00f3ximo estreno de la adaptaci\u00f3n cinematogr\u00e1fica del aclamado musical \u201cWicked\u201d. El \u00e9pico video fue [&hellip;]<\/p>\n","protected":false},"author":35,"featured_media":165060,"comment_status":"open","ping_status":"open","sticky":false,"template":"","format":"standard","meta":{"_monsterinsights_skip_tracking":false,"_monsterinsights_sitenote_active":false,"_monsterinsights_sitenote_note":"","_monsterinsights_sitenote_category":0,"footnotes":""},"categories":[576],"tags":[23,1570],"class_list":["post-165059","post","type-post","status-publish","format-standard","has-post-thumbnail","hentry","category-ocio","tag-ariana-grande","tag-danna-paola","wp-image-borders"],"amp_enabled":true,"_links":{"self":[{"href":"https:\/\/nvnoticias.mx\/index.php\/wp-json\/wp\/v2\/posts\/165059","targetHints":{"allow":["GET"]}}],"collection":[{"href":"https:\/\/nvnoticias.mx\/index.php\/wp-json\/wp\/v2\/posts"}],"about":[{"href":"https:\/\/nvnoticias.mx\/index.php\/wp-json\/wp\/v2\/types\/post"}],"author":[{"embeddable":true,"href":"https:\/\/nvnoticias.mx\/index.php\/wp-json\/wp\/v2\/users\/35"}],"replies":[{"embeddable":true,"href":"https:\/\/nvnoticias.mx\/index.php\/wp-json\/wp\/v2\/comments?post=165059"}],"version-history":[{"count":1,"href":"https:\/\/nvnoticias.mx\/index.php\/wp-json\/wp\/v2\/posts\/165059\/revisions"}],"predecessor-version":[{"id":165061,"href":"https:\/\/nvnoticias.mx\/index.php\/wp-json\/wp\/v2\/posts\/165059\/revisions\/165061"}],"wp:featuredmedia":[{"embeddable":true,"href":"https:\/\/nvnoticias.mx\/index.php\/wp-json\/wp\/v2\/media\/165060"}],"wp:attachment":[{"href":"https:\/\/nvnoticias.mx\/index.php\/wp-json\/wp\/v2\/media?parent=165059"}],"wp:term":[{"taxonomy":"category","embeddable":true,"href":"https:\/\/nvnoticias.mx\/index.php\/wp-json\/wp\/v2\/categories?post=165059"},{"taxonomy":"post_tag","embeddable":true,"href":"https:\/\/nvnoticias.mx\/index.php\/wp-json\/wp\/v2\/tags?post=165059"}],"curies":[{"name":"wp","href":"https:\/\/api.w.org\/{rel}","templated":true}]}}