{"id":1650,"date":"2021-01-19T10:29:11","date_gmt":"2021-01-19T16:29:11","guid":{"rendered":"https:\/\/nvnoticias.mx\/?p=1650"},"modified":"2021-01-19T10:30:11","modified_gmt":"2021-01-19T16:30:11","slug":"ventas-en-linea-hicieron-crecer-centros-de-distribucion-y-naves-industriales-pedro-fernandez","status":"publish","type":"post","link":"https:\/\/nvnoticias.mx\/index.php\/2021\/01\/19\/ventas-en-linea-hicieron-crecer-centros-de-distribucion-y-naves-industriales-pedro-fernandez\/","title":{"rendered":"Ventas en l\u00ednea  hicieron crecer centros de distribuci\u00f3n y naves industriales: Pedro Fern\u00e1ndez"},"content":{"rendered":"\n<p><strong>Jes\u00fas Utrilla \/ NV Noticias<\/strong><\/p>\n\n\n\n<p>El mercado de oficinas comenzar\u00e1 a recuperarse a partir del segundo trimestre, sin embargo, desde el a\u00f1o pasado se dio un crecimiento de la construcci\u00f3n de naves industriales y centros de distribuci\u00f3n por el repunte de las ventas por internet.<\/p>\n\n\n\n<p>Pedro Fern\u00e1ndez Mart\u00ednez, presidente nacional de la Asociaci\u00f3n Mexicana de Profesionales Inmobiliarios (AMPI), admiti\u00f3 que el precio de las rentas disminuy\u00f3 entre 3 y 5 por ciento, en el caso de las oficinas, el a\u00f1o pasado.<\/p>\n\n\n\n<p>Y es que debido al trabajo en casa muchos optaron por entregar los locales que ocupaban.<\/p>\n\n\n\n<p>Sin embargo, el sector inmobiliario vaticina recuperaci\u00f3n del mercado de oficinas a partir de abril.<\/p>\n\n\n\n<p>En contraste, durante 2020 hubo un incremento de las ventas por medio del comercio electr\u00f3nico, lo que gener\u00f3 que empresas de esos giros, pusieran en marcha un proceso de expansi\u00f3n.<\/p>\n\n\n\n<p>Por ello aparecieron nuevas bodegas y naves industriales en distintos corredores y el sureste del pa\u00eds fue de los beneficiados.<\/p>\n\n\n\n<p>A su vez crecieron los centros de distribuci\u00f3n lo implic\u00f3 inversiones y en algunos casos la contrataci\u00f3n de personal.<\/p>\n\n\n\n<p>Estim\u00f3 que el a\u00f1o pasado las ventas a trav\u00e9s de Internet aumentaron entre 30 y 40 por ciento lo que a su vez increment\u00f3 la demanda de espacios.<\/p>\n\n\n\n<blockquote class=\"wp-block-quote is-layout-flow wp-block-quote-is-layout-flow\"><p>\u201cEl a\u00f1o pasado debido al confinamiento las personas comenzaron a realizar el consumo en l\u00ednea por lo que los negocios tuvieron que adaptarse a esta modalidad y crecieron en sus centros de distribuci\u00f3n\u201d.<\/p><\/blockquote>\n\n\n\n<p>Muchos a pesar de la pandemia pusieron en marcha la construcci\u00f3n o ampliaci\u00f3n de instalaciones para distribuci\u00f3n.<\/p>\n\n\n\n<p>Incluso en el cuarto trimestre del 2020, los precios de las naves industriales sufrieron un incremento al pasar de 5.48 d\u00f3lares\/m2 a 5.85 d\u00f3lares\/m2.<\/p>\n\n\n\n<blockquote class=\"wp-block-quote is-layout-flow wp-block-quote-is-layout-flow\"><p>\u201cDebido al crecimiento de las ventas por internet, corredores industriales llegaron a nuevas zonas y ciudades, como la parte sureste del pa\u00eds\u201d.<\/p><\/blockquote>\n\n\n\n<p>Fern\u00e1ndez Mart\u00ednez se dijo optimista con 2021, pues comenzar\u00e1 de manera gradual la recuperaci\u00f3n econ\u00f3mica de los diferentes sectores.<\/p>\n","protected":false},"excerpt":{"rendered":"<p>Jes\u00fas Utrilla \/ NV Noticias El mercado de oficinas comenzar\u00e1 a recuperarse a partir del segundo trimestre, sin embargo, desde el a\u00f1o pasado se dio un crecimiento de la construcci\u00f3n de naves industriales y centros de distribuci\u00f3n por el repunte de las ventas por internet. Pedro Fern\u00e1ndez Mart\u00ednez, presidente nacional de la Asociaci\u00f3n Mexicana de [&hellip;]<\/p>\n","protected":false},"author":6,"featured_media":1653,"comment_status":"open","ping_status":"open","sticky":false,"template":"","format":"standard","meta":{"_monsterinsights_skip_tracking":false,"_monsterinsights_sitenote_active":false,"_monsterinsights_sitenote_note":"","_monsterinsights_sitenote_category":0,"footnotes":""},"categories":[154],"tags":[541,542,162,199,180],"class_list":["post-1650","post","type-post","status-publish","format-standard","has-post-thumbnail","hentry","category-veracruz","tag-ampi","tag-pedro-fernandez","tag-portada","tag-ventas","tag-veracruz","wp-image-borders"],"amp_enabled":true,"_links":{"self":[{"href":"https:\/\/nvnoticias.mx\/index.php\/wp-json\/wp\/v2\/posts\/1650","targetHints":{"allow":["GET"]}}],"collection":[{"href":"https:\/\/nvnoticias.mx\/index.php\/wp-json\/wp\/v2\/posts"}],"about":[{"href":"https:\/\/nvnoticias.mx\/index.php\/wp-json\/wp\/v2\/types\/post"}],"author":[{"embeddable":true,"href":"https:\/\/nvnoticias.mx\/index.php\/wp-json\/wp\/v2\/users\/6"}],"replies":[{"embeddable":true,"href":"https:\/\/nvnoticias.mx\/index.php\/wp-json\/wp\/v2\/comments?post=1650"}],"version-history":[{"count":1,"href":"https:\/\/nvnoticias.mx\/index.php\/wp-json\/wp\/v2\/posts\/1650\/revisions"}],"predecessor-version":[{"id":1652,"href":"https:\/\/nvnoticias.mx\/index.php\/wp-json\/wp\/v2\/posts\/1650\/revisions\/1652"}],"wp:featuredmedia":[{"embeddable":true,"href":"https:\/\/nvnoticias.mx\/index.php\/wp-json\/wp\/v2\/media\/1653"}],"wp:attachment":[{"href":"https:\/\/nvnoticias.mx\/index.php\/wp-json\/wp\/v2\/media?parent=1650"}],"wp:term":[{"taxonomy":"category","embeddable":true,"href":"https:\/\/nvnoticias.mx\/index.php\/wp-json\/wp\/v2\/categories?post=1650"},{"taxonomy":"post_tag","embeddable":true,"href":"https:\/\/nvnoticias.mx\/index.php\/wp-json\/wp\/v2\/tags?post=1650"}],"curies":[{"name":"wp","href":"https:\/\/api.w.org\/{rel}","templated":true}]}}