{"id":164978,"date":"2024-11-14T14:45:56","date_gmt":"2024-11-14T20:45:56","guid":{"rendered":"https:\/\/nvnoticias.mx\/?p=164978"},"modified":"2024-11-14T14:45:57","modified_gmt":"2024-11-14T20:45:57","slug":"ariana-grande-y-cynthia-erivo-asisten-a-la-premiere-de-wicked-en-mexico","status":"publish","type":"post","link":"https:\/\/nvnoticias.mx\/index.php\/2024\/11\/14\/ariana-grande-y-cynthia-erivo-asisten-a-la-premiere-de-wicked-en-mexico\/","title":{"rendered":"Ariana Grande y Cynthia Erivo asisten a la premiere de &#8220;Wicked&#8221; en M\u00e9xico"},"content":{"rendered":"\n<p>Todos los caminos amarillos llevaron por una noche a M\u00e9xico, donde las protagonistas de &#8220;Wicked&#8221; Ariana Grande y Cynthia Erivo se encontraron con las actrices y cantantes que las interpretan en la versi\u00f3n en espa\u00f1ol del filme: Danna y Ceci de la Cueva.<\/p>\n\n\n\n<p>La historia basada en el fant\u00e1stico mundo de Oz, donde los caminos amarillos llevan a Ciudad Esmeralda y en el que dos j\u00f3venes hechiceras se conocen en la escuela, tuvo una de sus premieres mundiales el lunes por la noche en el Auditorio Nacional de la Ciudad de M\u00e9xico adonde acudieron fan\u00e1ticos desde una noche antes para tener el mejor lugar y una oportunidad para ver a las actrices.<\/p>\n\n\n\n<p>A su vez, las estrellas se emocionaron hasta las l\u00e1grimas al escuchar cuando las ovacionaban.<\/p>\n\n\n\n<p>&#8220;Me siento impresionada. No esperaba esto. \u00a1Por dios! Se puede ver hasta all\u00e1, es incre\u00edble&#8221;, dijo Erivo se\u00f1alando a los miles de simpatizantes que estaban formados a lo largo de todo el frente del auditorio.<\/p>\n\n\n\n<p>Grande y Erivo no vinieron solas, tambi\u00e9n las acompa\u00f1\u00f3 Jonathan Bailey, quien interpreta al pr\u00edncipe Fiyero y dijo que siempre confi\u00f3 en que tendr\u00edan un gran recibimiento.<\/p>\n\n\n\n<p>&#8220;Ustedes saben c\u00f3mo hacer esc\u00e1ndalo&#8221;, dijo Bailey. &#8220;Y la Ciudad de M\u00e9xico es una de mis ciudades favoritas del mundo&#8221;.<\/p>\n\n\n\n<p>&#8220;Muchas gracias&#8221;, dijo Grande en Espa\u00f1ol.<\/p>\n\n\n\n<p>&#8220;\u00a1Viva M\u00e9xico!&#8221;, grit\u00f3 Erivo. La actriz brit\u00e1nica destac\u00f3 adem\u00e1s que la historia de Wicked &#8220;nos dice a todos los que nos hemos sentido un poco diferente, que somos especiales, que merecemos ser amados, que la amistad es maravillosa&#8221;.<\/p>\n\n\n\n<p>El filme se estrena el 21 de noviembre y como ha ocurrido en otras alfombras rojas alrededor del mundo Grande y Erivo llegaron con vestidos alusivos a los colores de sus personajes. Grande, quien interpreta a Glinda, cambi\u00f3 el rosado que la ha caracterizado en sus modelos por un vestido blanco con un escote moderno, mientras que Erivo, quien interpreta a Elphaba, ten\u00eda un vestido negro con un bolero con gorro de aviador y un par de guantes rellenos con u\u00f1as largas que asemejaban manos que le sal\u00edan de los hombros.<\/p>\n\n\n\n<p>Danna y De la Cueva tambi\u00e9n siguieron la tem\u00e1tica rosada y verde de la pel\u00edcula. Danna (Elphaba), con un vestido verde militar que ten\u00eda volantes semejantes a aletas de pez y De la Cueva (Glinda) con un amplio vestido rosado con una gran abertura lateral en la falda. Las actrices mexicanas estaban claramente conmovidas de reencontrarse, pues no s\u00f3lo interpretan a los personajes en la pel\u00edcula, fueron las protagonistas del musical en M\u00e9xico hace m\u00e1s de una d\u00e9cada.<\/p>\n\n\n\n<p>Danna recod\u00f3 que antes de tomar el papel en el musical hab\u00eda sido v\u00edctima de &#8220;un cierto bullying&#8221; pues pon\u00edan en duda su talento y capacidad, pero que colaborar con De la Cueva la ayud\u00f3 a mejorar y a confiar en s\u00ed misma.<\/p>\n\n\n\n<p>&#8220;Desde esa primera funci\u00f3n hasta el d\u00eda de hoy sigo volando y sigo imparable, sin l\u00edmites, y Ephaba me ha dado la fuerza para ser la mujer que soy hoy&#8221;, se\u00f1al\u00f3.<\/p>\n\n\n\n<p>Ambas actrices se abrazaron varias veces durante su paso por la alfombra. Finalmente, Danna y De la Cueva se reunieron con Grande, Erivo y Bailey en el escenario del Auditorio para presentar la funci\u00f3n.<\/p>\n","protected":false},"excerpt":{"rendered":"<p>Todos los caminos amarillos llevaron por una noche a M\u00e9xico, donde las protagonistas de &#8220;Wicked&#8221; Ariana Grande y Cynthia Erivo se encontraron con las actrices y cantantes que las interpretan en la versi\u00f3n en espa\u00f1ol del filme: Danna y Ceci de la Cueva. La historia basada en el fant\u00e1stico mundo de Oz, donde los caminos [&hellip;]<\/p>\n","protected":false},"author":35,"featured_media":164979,"comment_status":"open","ping_status":"open","sticky":false,"template":"","format":"standard","meta":{"_monsterinsights_skip_tracking":false,"_monsterinsights_sitenote_active":false,"_monsterinsights_sitenote_note":"","_monsterinsights_sitenote_category":0,"footnotes":""},"categories":[576],"tags":[23,30039,24643],"class_list":["post-164978","post","type-post","status-publish","format-standard","has-post-thumbnail","hentry","category-ocio","tag-ariana-grande","tag-cynthia-erivo","tag-wicked","wp-image-borders"],"amp_enabled":true,"_links":{"self":[{"href":"https:\/\/nvnoticias.mx\/index.php\/wp-json\/wp\/v2\/posts\/164978","targetHints":{"allow":["GET"]}}],"collection":[{"href":"https:\/\/nvnoticias.mx\/index.php\/wp-json\/wp\/v2\/posts"}],"about":[{"href":"https:\/\/nvnoticias.mx\/index.php\/wp-json\/wp\/v2\/types\/post"}],"author":[{"embeddable":true,"href":"https:\/\/nvnoticias.mx\/index.php\/wp-json\/wp\/v2\/users\/35"}],"replies":[{"embeddable":true,"href":"https:\/\/nvnoticias.mx\/index.php\/wp-json\/wp\/v2\/comments?post=164978"}],"version-history":[{"count":2,"href":"https:\/\/nvnoticias.mx\/index.php\/wp-json\/wp\/v2\/posts\/164978\/revisions"}],"predecessor-version":[{"id":164981,"href":"https:\/\/nvnoticias.mx\/index.php\/wp-json\/wp\/v2\/posts\/164978\/revisions\/164981"}],"wp:featuredmedia":[{"embeddable":true,"href":"https:\/\/nvnoticias.mx\/index.php\/wp-json\/wp\/v2\/media\/164979"}],"wp:attachment":[{"href":"https:\/\/nvnoticias.mx\/index.php\/wp-json\/wp\/v2\/media?parent=164978"}],"wp:term":[{"taxonomy":"category","embeddable":true,"href":"https:\/\/nvnoticias.mx\/index.php\/wp-json\/wp\/v2\/categories?post=164978"},{"taxonomy":"post_tag","embeddable":true,"href":"https:\/\/nvnoticias.mx\/index.php\/wp-json\/wp\/v2\/tags?post=164978"}],"curies":[{"name":"wp","href":"https:\/\/api.w.org\/{rel}","templated":true}]}}