{"id":164966,"date":"2024-11-14T14:35:49","date_gmt":"2024-11-14T20:35:49","guid":{"rendered":"https:\/\/nvnoticias.mx\/?p=164966"},"modified":"2024-11-14T14:35:50","modified_gmt":"2024-11-14T20:35:50","slug":"adan-augusto-lopez-abraza-a-los-yunes-tras-expulsion-del-pan","status":"publish","type":"post","link":"https:\/\/nvnoticias.mx\/index.php\/2024\/11\/14\/adan-augusto-lopez-abraza-a-los-yunes-tras-expulsion-del-pan\/","title":{"rendered":"Ad\u00e1n Augusto L\u00f3pez \u2018abraza\u2019 a los Yunes tras expulsi\u00f3n del PAN"},"content":{"rendered":"\n<p>El coordinador de la bancada de Morena en el Senado,\u00a0<strong>Ad\u00e1n Augusto L\u00f3pez Hern\u00e1ndez<\/strong>, reconoci\u00f3 que<strong>\u00a0Miguel \u00c1ngel Yunes M\u00e1rquez<\/strong>\u00a0forma parte del grupo parlamentario de Morena y que las puertas siempre estar\u00e1n abiertas para que participen en los trabajos legislativos del partido oficialista en la C\u00e1mara Alta.<\/p>\n\n\n\n<p>\u201cEl senador<strong>\u00a0Yunes (M\u00e1rquez) clara que forma parte del grupo parlamentario de Morena<\/strong>\u00a0y claro que<strong>\u00a0tiene la invitaci\u00f3n permanente para participar en los trabajos legislativos de Morena<\/strong>, forma parte del grupo parlamentario en el Senado, tenemos 87 senadoras y senadores\u201d, dijo a los medios de comunicaci\u00f3n despu\u00e9s de una reuni\u00f3n en la que estuvieron presentes todos los legisladores militantes de Morena.<\/p>\n\n\n\n<p>Por la ma\u00f1ana, la Comisi\u00f3n de Orden del\u00a0<strong>Partido Acci\u00f3n Nacional<\/strong>\u00a0(PAN) inform\u00f3 respecto a\u00a0<strong>la expulsi\u00f3n de Miguel \u00c1ngel Yunes M\u00e1rquez y a su padre Miguel \u00c1ngel Yunes Linares<\/strong>, determinaci\u00f3n a la que llegaron por unanimidad de los miembros que resolvi\u00f3 este asunto.<\/p>\n\n\n\n<p>El motivo de la expulsi\u00f3n<strong>\u00a0inici\u00f3 despu\u00e9s de que Yunes M\u00e1rquez cambiara su posicionamiento respecto a la reforma al Poder Judicial y diera el voto necesario para lograr que se aprobara la iniciativa,<\/strong>\u00a0una de las iniciativas m\u00e1s cuestionadas de la administraci\u00f3n del expresidente Andr\u00e9s Manuel L\u00f3pez Obrador, y que ha ocasionado una marcada divisi\u00f3n entre los poderes.<\/p>\n\n\n\n<p>\u201cLa expulsi\u00f3n<strong>\u00a0se basa en la necesidad de mantener la integridad y los valores que caracterizan a Acci\u00f3n Nacional<\/strong>, as\u00ed como de garantizar el respeto a las decisiones que fortalecen nuestra unidad y compromiso con la ciudadan\u00eda\u201d, se lee en el comunicado de prensa.<\/p>\n\n\n\n<p>Durante el tiempo que dur\u00f3 el conflicto interno entre el PAN y los Yunes, M\u00e1rquez se vio activo y alineado al oficialismo, primero al<strong>\u00a0participar en una reuni\u00f3n previo a que Claudia Sheinbaum asumiera el cargo como presidenta de M\u00e9xico<\/strong>, aunque dijeron que el motivo de la reuni\u00f3n fue para desearle \u00e9xito en su gesti\u00f3n.<\/p>\n\n\n\n<p>Fuente: <a href=\"https:\/\/www.infobae.com\/mexico\/2024\/11\/14\/adan-augusto-lopez-abraza-a-los-yunes-tras-expulsion-del-pan-tiene-las-puertas-abiertas-en-morena\/\">Infobae<\/a><\/p>\n","protected":false},"excerpt":{"rendered":"<p>El coordinador de la bancada de Morena en el Senado,\u00a0Ad\u00e1n Augusto L\u00f3pez Hern\u00e1ndez, reconoci\u00f3 que\u00a0Miguel \u00c1ngel Yunes M\u00e1rquez\u00a0forma parte del grupo parlamentario de Morena y que las puertas siempre estar\u00e1n abiertas para que participen en los trabajos legislativos del partido oficialista en la C\u00e1mara Alta. \u201cEl senador\u00a0Yunes (M\u00e1rquez) clara que forma parte del grupo parlamentario [&hellip;]<\/p>\n","protected":false},"author":35,"featured_media":164968,"comment_status":"open","ping_status":"open","sticky":false,"template":"","format":"standard","meta":{"_monsterinsights_skip_tracking":false,"_monsterinsights_sitenote_active":false,"_monsterinsights_sitenote_note":"","_monsterinsights_sitenote_category":0,"footnotes":""},"categories":[158],"tags":[16465,284,29847],"class_list":["post-164966","post","type-post","status-publish","format-standard","has-post-thumbnail","hentry","category-politica","tag-adan-augusto-lopez","tag-pan","tag-yunes","wp-image-borders"],"amp_enabled":true,"_links":{"self":[{"href":"https:\/\/nvnoticias.mx\/index.php\/wp-json\/wp\/v2\/posts\/164966","targetHints":{"allow":["GET"]}}],"collection":[{"href":"https:\/\/nvnoticias.mx\/index.php\/wp-json\/wp\/v2\/posts"}],"about":[{"href":"https:\/\/nvnoticias.mx\/index.php\/wp-json\/wp\/v2\/types\/post"}],"author":[{"embeddable":true,"href":"https:\/\/nvnoticias.mx\/index.php\/wp-json\/wp\/v2\/users\/35"}],"replies":[{"embeddable":true,"href":"https:\/\/nvnoticias.mx\/index.php\/wp-json\/wp\/v2\/comments?post=164966"}],"version-history":[{"count":2,"href":"https:\/\/nvnoticias.mx\/index.php\/wp-json\/wp\/v2\/posts\/164966\/revisions"}],"predecessor-version":[{"id":164970,"href":"https:\/\/nvnoticias.mx\/index.php\/wp-json\/wp\/v2\/posts\/164966\/revisions\/164970"}],"wp:featuredmedia":[{"embeddable":true,"href":"https:\/\/nvnoticias.mx\/index.php\/wp-json\/wp\/v2\/media\/164968"}],"wp:attachment":[{"href":"https:\/\/nvnoticias.mx\/index.php\/wp-json\/wp\/v2\/media?parent=164966"}],"wp:term":[{"taxonomy":"category","embeddable":true,"href":"https:\/\/nvnoticias.mx\/index.php\/wp-json\/wp\/v2\/categories?post=164966"},{"taxonomy":"post_tag","embeddable":true,"href":"https:\/\/nvnoticias.mx\/index.php\/wp-json\/wp\/v2\/tags?post=164966"}],"curies":[{"name":"wp","href":"https:\/\/api.w.org\/{rel}","templated":true}]}}