{"id":16495,"date":"2021-06-17T21:46:17","date_gmt":"2021-06-18T02:46:17","guid":{"rendered":"https:\/\/nvnoticias.mx\/?p=16495"},"modified":"2021-06-17T21:46:18","modified_gmt":"2021-06-18T02:46:18","slug":"se-manifiestan-trabajadores-del-imss-pidiendo-ser-vacunados-contra-el-covid-19","status":"publish","type":"post","link":"https:\/\/nvnoticias.mx\/index.php\/2021\/06\/17\/se-manifiestan-trabajadores-del-imss-pidiendo-ser-vacunados-contra-el-covid-19\/","title":{"rendered":"Se manifiestan trabajadores del IMSS pidiendo ser vacunados contra el covid-19"},"content":{"rendered":"\n<p><strong>Julio Escobar \/ NV Noticias<\/strong><\/p>\n\n\n\n<p>Personal del \u00e1rea administrativa del Instituto Mexicano del Seguro Social (IMSS), zona 36 en Coatzacoalcos, se manifestaron para exigir a las autoridades de salud que los tomen en cuenta para ser vacunados contra el covid-19.<\/p>\n\n\n\n<p>Los trabajadores expusieron que desde hace un a\u00f1o se encuentran a la espera de recibir el biol\u00f3gico, sin embargo les han dado prioridad a las personas que trabajan en las Unidades Perif\u00e9ricas.<\/p>\n\n\n\n<blockquote class=\"wp-block-quote is-layout-flow wp-block-quote-is-layout-flow\"><p>\u201cSomos personal administrativo del \u00e1rea de finanzas, farmacia, de archivo cl\u00ednico, de archivo y correspondencia, somos persona aparentemente administrativo pero todos estamos en contacto con pacientes que acuden a este hospital covid\u201d, declar\u00f3 Rosa Mar\u00eda Nelson Blanco una de las inconformes.<\/p><\/blockquote>\n\n\n\n<p>Son alrededor de 150 trabajadores del \u00e1rea administrativa que se encuentran a la espera de ser inmunizados, pues aseguran que ellos tambi\u00e9n est\u00e1n expuestos al contagio de este virus al tener contacto con los derechohabientes.<\/p>\n\n\n\n<p>Comentaron que el personal del programa \u201cBienestar\u201d, arribaron este jueves con m\u00e1s de 500 vacunas para inmunizar a los trabajadores de las Unidades Perif\u00e9ricas, en donde solo se verifica el estado de salud de los pacientes, pero no se quedan internados.<\/p>\n\n\n\n<blockquote class=\"wp-block-quote is-layout-flow wp-block-quote-is-layout-flow\"><p>\u201cLa mayor parte de los pacientes que tenemos internados son positivos confirmados de covid19 y pasan por nuestros pasillos, tenemos que estar con las medidas porque a\u00fan somos hospital covid\u201d, expuso Ad\u00e1n Pav\u00f3n otro de los manifestantes.<\/p><\/blockquote>\n\n\n\n<p>Pidieron la intervenci\u00f3n del Presidente de la Rep\u00fablica Andr\u00e9s Manuel L\u00f3pez Obrador, para que no se queden fuera de la jornada de inmunizaci\u00f3n, porque temen por sus vidas, al ver como varios de sus compa\u00f1eros murieron en la lucha contra este virus.<\/p>\n","protected":false},"excerpt":{"rendered":"<p>Julio Escobar \/ NV Noticias Personal del \u00e1rea administrativa del Instituto Mexicano del Seguro Social (IMSS), zona 36 en Coatzacoalcos, se manifestaron para exigir a las autoridades de salud que los tomen en cuenta para ser vacunados contra el covid-19. Los trabajadores expusieron que desde hace un a\u00f1o se encuentran a la espera de recibir [&hellip;]<\/p>\n","protected":false},"author":7,"featured_media":16496,"comment_status":"open","ping_status":"open","sticky":false,"template":"","format":"standard","meta":{"_monsterinsights_skip_tracking":false,"_monsterinsights_sitenote_active":false,"_monsterinsights_sitenote_note":"","_monsterinsights_sitenote_category":0,"footnotes":""},"categories":[156],"tags":[175,365,1643,503,941,403],"class_list":["post-16495","post","type-post","status-publish","format-standard","has-post-thumbnail","hentry","category-estado","tag-covid-19","tag-imss","tag-instituto-mexicano-del-seguro-social","tag-manifestacion","tag-trabajadores","tag-vacunas","wp-image-borders"],"amp_enabled":true,"_links":{"self":[{"href":"https:\/\/nvnoticias.mx\/index.php\/wp-json\/wp\/v2\/posts\/16495","targetHints":{"allow":["GET"]}}],"collection":[{"href":"https:\/\/nvnoticias.mx\/index.php\/wp-json\/wp\/v2\/posts"}],"about":[{"href":"https:\/\/nvnoticias.mx\/index.php\/wp-json\/wp\/v2\/types\/post"}],"author":[{"embeddable":true,"href":"https:\/\/nvnoticias.mx\/index.php\/wp-json\/wp\/v2\/users\/7"}],"replies":[{"embeddable":true,"href":"https:\/\/nvnoticias.mx\/index.php\/wp-json\/wp\/v2\/comments?post=16495"}],"version-history":[{"count":1,"href":"https:\/\/nvnoticias.mx\/index.php\/wp-json\/wp\/v2\/posts\/16495\/revisions"}],"predecessor-version":[{"id":16497,"href":"https:\/\/nvnoticias.mx\/index.php\/wp-json\/wp\/v2\/posts\/16495\/revisions\/16497"}],"wp:featuredmedia":[{"embeddable":true,"href":"https:\/\/nvnoticias.mx\/index.php\/wp-json\/wp\/v2\/media\/16496"}],"wp:attachment":[{"href":"https:\/\/nvnoticias.mx\/index.php\/wp-json\/wp\/v2\/media?parent=16495"}],"wp:term":[{"taxonomy":"category","embeddable":true,"href":"https:\/\/nvnoticias.mx\/index.php\/wp-json\/wp\/v2\/categories?post=16495"},{"taxonomy":"post_tag","embeddable":true,"href":"https:\/\/nvnoticias.mx\/index.php\/wp-json\/wp\/v2\/tags?post=16495"}],"curies":[{"name":"wp","href":"https:\/\/api.w.org\/{rel}","templated":true}]}}