{"id":16492,"date":"2021-06-17T18:40:00","date_gmt":"2021-06-17T23:40:00","guid":{"rendered":"https:\/\/nvnoticias.mx\/?p=16492"},"modified":"2021-06-17T20:32:01","modified_gmt":"2021-06-18T01:32:01","slug":"se-reune-el-alcalde-fernando-yunes-con-la-alcaldesa-electa-patricia-lobeira-de-yunes","status":"publish","type":"post","link":"https:\/\/nvnoticias.mx\/index.php\/2021\/06\/17\/se-reune-el-alcalde-fernando-yunes-con-la-alcaldesa-electa-patricia-lobeira-de-yunes\/","title":{"rendered":"Se re\u00fane el alcalde Fernando Yunes con la alcaldesa electa Patricia Lobeira de Yunes"},"content":{"rendered":"\n<p>Veracruz, Ver.- Este jueves, el Presidente Municipal Constitucional de Veracruz, Fernando Yunes M\u00e1rquez dio la bienvenida a la Presidenta Municipal Electa, Patricia Lobeira de Yunes, al Ayuntamiento de Veracruz.\u00a0<\/p>\n\n\n\n<blockquote class=\"wp-block-quote is-layout-flow wp-block-quote-is-layout-flow\"><p>\u201cEl d\u00eda de hoy, pasado el proceso electoral y cumplida la formalidad de ley, donde la alcaldesa electa ha recibido su constancia de mayor\u00eda, hacemos esta primera recepci\u00f3n en el Palacio Municipal, donde previamente la he puesto al tanto del estado que guarda la administraci\u00f3n, el municipio\u201d.\u00a0<\/p><\/blockquote>\n\n\n\n<p>Indic\u00f3 que han acordado seguir trabajando en el proceso de entrega-recepci\u00f3n que conforme a ley inici\u00f3 en mayo, pero que requiere diversas etapas, por lo cual en septiembre los equipos del proceso del H. Ayuntamiento de Veracruz y de la alcaldesa electa iniciar\u00e1 la transici\u00f3n del gobierno.&nbsp;<\/p>\n\n\n\n<p>El mun\u00edcipe Fernando Yunes manifest\u00f3 que habr\u00e1 disponibilidad y cooperaci\u00f3n para brindar toda la informaci\u00f3n que requiera la alcaldesa electa Patricia Lobeira de Yunes , a fin de que pueda generar su plan de trabajo.&nbsp;<\/p>\n\n\n\n<p>Asimismo, advirti\u00f3 que se trata de un momento que culmina democr\u00e1ticamente y el gobierno municipal a su cargo cumple con su obligaci\u00f3n de informar a quien las veracruzanas y veracruzanos han electo para sucederlo en el cargo.&nbsp;<\/p>\n\n\n\n<blockquote class=\"wp-block-quote is-layout-flow wp-block-quote-is-layout-flow\"><p>\u201cReiterarle alcaldesa toda mi disposici\u00f3n para poder trabajar de la mano, decir que bajo esta etapa de transici\u00f3n estaremos todos los d\u00edas este equipo de trabajo que se encuentra aqu\u00ed y otros m\u00e1s que no est\u00e1n aqu\u00ed, igualmente proveyendo a su equipo de trabajo, con la informaci\u00f3n necesaria para que se pueda llevar a cabo una transici\u00f3n ordenada, transparente y sobre todo provechosa para la gente de Veracruz\u201d, asegur\u00f3.\u00a0<\/p><\/blockquote>\n","protected":false},"excerpt":{"rendered":"<p>Veracruz, Ver.- Este jueves, el Presidente Municipal Constitucional de Veracruz, Fernando Yunes M\u00e1rquez dio la bienvenida a la Presidenta Municipal Electa, Patricia Lobeira de Yunes, al Ayuntamiento de Veracruz.\u00a0 \u201cEl d\u00eda de hoy, pasado el proceso electoral y cumplida la formalidad de ley, donde la alcaldesa electa ha recibido su constancia de mayor\u00eda, hacemos esta [&hellip;]<\/p>\n","protected":false},"author":7,"featured_media":16493,"comment_status":"open","ping_status":"open","sticky":false,"template":"","format":"standard","meta":{"_monsterinsights_skip_tracking":false,"_monsterinsights_sitenote_active":false,"_monsterinsights_sitenote_note":"","_monsterinsights_sitenote_category":0,"footnotes":""},"categories":[154],"tags":[1013,1185,4258,162,4498,180],"class_list":["post-16492","post","type-post","status-publish","format-standard","has-post-thumbnail","hentry","category-veracruz","tag-alcaldes","tag-fernando-yunes-marquez","tag-paty-lobeira-de-yunes","tag-portada","tag-transicion","tag-veracruz","wp-image-borders"],"amp_enabled":true,"_links":{"self":[{"href":"https:\/\/nvnoticias.mx\/index.php\/wp-json\/wp\/v2\/posts\/16492","targetHints":{"allow":["GET"]}}],"collection":[{"href":"https:\/\/nvnoticias.mx\/index.php\/wp-json\/wp\/v2\/posts"}],"about":[{"href":"https:\/\/nvnoticias.mx\/index.php\/wp-json\/wp\/v2\/types\/post"}],"author":[{"embeddable":true,"href":"https:\/\/nvnoticias.mx\/index.php\/wp-json\/wp\/v2\/users\/7"}],"replies":[{"embeddable":true,"href":"https:\/\/nvnoticias.mx\/index.php\/wp-json\/wp\/v2\/comments?post=16492"}],"version-history":[{"count":1,"href":"https:\/\/nvnoticias.mx\/index.php\/wp-json\/wp\/v2\/posts\/16492\/revisions"}],"predecessor-version":[{"id":16494,"href":"https:\/\/nvnoticias.mx\/index.php\/wp-json\/wp\/v2\/posts\/16492\/revisions\/16494"}],"wp:featuredmedia":[{"embeddable":true,"href":"https:\/\/nvnoticias.mx\/index.php\/wp-json\/wp\/v2\/media\/16493"}],"wp:attachment":[{"href":"https:\/\/nvnoticias.mx\/index.php\/wp-json\/wp\/v2\/media?parent=16492"}],"wp:term":[{"taxonomy":"category","embeddable":true,"href":"https:\/\/nvnoticias.mx\/index.php\/wp-json\/wp\/v2\/categories?post=16492"},{"taxonomy":"post_tag","embeddable":true,"href":"https:\/\/nvnoticias.mx\/index.php\/wp-json\/wp\/v2\/tags?post=16492"}],"curies":[{"name":"wp","href":"https:\/\/api.w.org\/{rel}","templated":true}]}}