{"id":164827,"date":"2024-11-13T13:29:22","date_gmt":"2024-11-13T19:29:22","guid":{"rendered":"https:\/\/nvnoticias.mx\/?p=164827"},"modified":"2024-11-13T13:29:23","modified_gmt":"2024-11-13T19:29:23","slug":"tornes-y-samon-seguiran-como-gloriosas","status":"publish","type":"post","link":"https:\/\/nvnoticias.mx\/index.php\/2024\/11\/13\/tornes-y-samon-seguiran-como-gloriosas\/","title":{"rendered":"Torn\u00e9s y Sam\u00f3n seguir\u00e1n como Gloriosas"},"content":{"rendered":"\n<p><\/p>\n\n\n\n<p>El sabor caribe\u00f1o, de dos de las estelares de la Selecci\u00f3n Cubana de Softbol, Yilian Torn\u00e9s y Lisaidy Sam\u00f3n regresar\u00e1n con El \u00c1guila de Veracruz, para la temporada 2025 de la Liga Mexicana de Softbol.<\/p>\n\n\n\n<p>La Gerencia Deportiva, encabezada por Andrea Valdez da conocer la continuidad de las jugadoras cubanas, quienes fueron clave en el papel de El \u00c1guila en la primera temporada en la LMS y donde Veracruz avanz\u00f3 a Playoffs.<\/p>\n\n\n\n<p>En su primer a\u00f1o en la LMS, Yilian Torn\u00e9s hizo pesar su condici\u00f3n de estelar de Cuba y del mundo; la originaria de Granma, se coron\u00f3 como la campeona de ponches de la liga, con 141 chocolates.<\/p>\n\n\n\n<p>Torn\u00e9s, adem\u00e1s despleg\u00f3 el poder de su recta ascendente y tuvo dos juegos con 13 ponches, uno a los Diablos Softbol y el otro a las Olmecas de Tabasco.<\/p>\n\n\n\n<p>En este invierno del 2024, Yilian Torn\u00e9s se coron\u00f3 campeona en la Liga Mayor Guatemalteca de Softbol con el equipo Lanquet\u00edn, la cubana gan\u00f3 tres juegos, de los cincos para ser campeones.<\/p>\n\n\n\n<p>Mientras que la jardinera Lisaidy Sam\u00f3n bate\u00f3 .298, peg\u00f3 ocho imparables, deton\u00f3 un jonr\u00f3n, negoci\u00f3 nueve bases por bolas, remolc\u00f3 ocho carreras en 16 juegos; Sam\u00f3n, nacida en Guant\u00e1namo, Cuba, no pudo terminar la temporada regular debido a una lesi\u00f3n, sin embargo, ahora regresa con El \u00c1guila para su segunda temporada en la LMS.<\/p>\n\n\n\n<p>Yilian Torn\u00e9s y Lisaidy Sam\u00f3n se unen a Maxime Van Dalen y Sarah Edwards, como las cuatro, de seis extranjeras que tendr\u00e1 El \u00c1guila Softbol para la temporada 2025.<\/p>\n","protected":false},"excerpt":{"rendered":"<p>El sabor caribe\u00f1o, de dos de las estelares de la Selecci\u00f3n Cubana de Softbol, Yilian Torn\u00e9s y Lisaidy Sam\u00f3n regresar\u00e1n con El \u00c1guila de Veracruz, para la temporada 2025 de la Liga Mexicana de Softbol. La Gerencia Deportiva, encabezada por Andrea Valdez da conocer la continuidad de las jugadoras cubanas, quienes fueron clave en el [&hellip;]<\/p>\n","protected":false},"author":8,"featured_media":164828,"comment_status":"open","ping_status":"open","sticky":false,"template":"","format":"standard","meta":{"_monsterinsights_skip_tracking":false,"_monsterinsights_sitenote_active":false,"_monsterinsights_sitenote_note":"","_monsterinsights_sitenote_category":0,"footnotes":""},"categories":[159],"tags":[28987],"class_list":["post-164827","post","type-post","status-publish","format-standard","has-post-thumbnail","hentry","category-deportes","tag-el-aguila-de-veracruz-femenil","wp-image-borders"],"amp_enabled":true,"_links":{"self":[{"href":"https:\/\/nvnoticias.mx\/index.php\/wp-json\/wp\/v2\/posts\/164827","targetHints":{"allow":["GET"]}}],"collection":[{"href":"https:\/\/nvnoticias.mx\/index.php\/wp-json\/wp\/v2\/posts"}],"about":[{"href":"https:\/\/nvnoticias.mx\/index.php\/wp-json\/wp\/v2\/types\/post"}],"author":[{"embeddable":true,"href":"https:\/\/nvnoticias.mx\/index.php\/wp-json\/wp\/v2\/users\/8"}],"replies":[{"embeddable":true,"href":"https:\/\/nvnoticias.mx\/index.php\/wp-json\/wp\/v2\/comments?post=164827"}],"version-history":[{"count":1,"href":"https:\/\/nvnoticias.mx\/index.php\/wp-json\/wp\/v2\/posts\/164827\/revisions"}],"predecessor-version":[{"id":164829,"href":"https:\/\/nvnoticias.mx\/index.php\/wp-json\/wp\/v2\/posts\/164827\/revisions\/164829"}],"wp:featuredmedia":[{"embeddable":true,"href":"https:\/\/nvnoticias.mx\/index.php\/wp-json\/wp\/v2\/media\/164828"}],"wp:attachment":[{"href":"https:\/\/nvnoticias.mx\/index.php\/wp-json\/wp\/v2\/media?parent=164827"}],"wp:term":[{"taxonomy":"category","embeddable":true,"href":"https:\/\/nvnoticias.mx\/index.php\/wp-json\/wp\/v2\/categories?post=164827"},{"taxonomy":"post_tag","embeddable":true,"href":"https:\/\/nvnoticias.mx\/index.php\/wp-json\/wp\/v2\/tags?post=164827"}],"curies":[{"name":"wp","href":"https:\/\/api.w.org\/{rel}","templated":true}]}}