{"id":164571,"date":"2024-11-11T07:11:17","date_gmt":"2024-11-11T13:11:17","guid":{"rendered":"https:\/\/nvnoticias.mx\/?p=164571"},"modified":"2024-11-11T07:11:19","modified_gmt":"2024-11-11T13:11:19","slug":"la-derrota-del-poder-judicial-y-lo-que-viene","status":"publish","type":"post","link":"https:\/\/nvnoticias.mx\/index.php\/2024\/11\/11\/la-derrota-del-poder-judicial-y-lo-que-viene\/","title":{"rendered":"La derrota del Poder judicial y lo que viene"},"content":{"rendered":"\n<p><\/p>\n\n\n\n<p><strong>Edgard Gonz\u00e1lez Su\u00e1rez<\/strong><\/p>\n\n\n\n<p>Los poderes que ten\u00edan secuestrado al poder judicial de la era del neoliberalismo fueron derrotados. Una Corte negociada a modo entre el PRI y el PAN durante m\u00e1s de 30 a\u00f1os confirm\u00f3 lo que todos intu\u00edamos, que el poder judicial ni era independiente, ni era neutral, ni era un poder. Si no todo lo contrario, que estaba al servicio de los intereses empresariales nacionales y extranjeros, m\u00e1s abyectos y expoliadores, las mineras, la energ\u00eda el\u00e9ctrica y petrolera, las inmobiliarias, las depredadoras de playas, bosques y selvas y no pod\u00edan faltar los narco-poderes, que controlan las correas municipales, estatales y parlamentarias tanto del PAN como del PRI.<\/p>\n\n\n\n<p>La resistencia a los cambios constitucionales se encerr\u00f3 en el poder judicial y desde ah\u00ed pretendi\u00f3 contener y derribar cualquier intento de reforma o transformaci\u00f3n del R\u00e9gimen neoliberal. La corte del viejo r\u00e9gimen actualmente est\u00e1 integrada as\u00ed: Norma Luc\u00eda Pi\u00f1a (propuesta por el Presidente Enrique Pe\u00f1a Nieto); Jos\u00e9 Mario Pardo Rebolledo y Alfredo Guti\u00e9rrez Ortiz Mena (propuestos por e\u00f1 Presidente Calder\u00f3n) Ana Margarita R\u00edos Farjat (propuesta por Andr\u00e9s Manuel L\u00f3pez Obrador, pero ligada al sector empresarial), Javier Laynez Potisek (propuesto por el PRI) Alberto P\u00e9rez Dayan (propuesto por el PAN), Luis Mar\u00eda Aguilar (Propuesto por el presidente Calder\u00f3n y ratificado por el senado), Jos\u00e9 Luis Gonz\u00e1lez Acantara y Carranc\u00e1 (propuesto por el partido Acci\u00f3n Nacional), Loreta Ort\u00edz Ahlf (propuesta por L\u00f3pez Obrador); Lenia Batres Guadarrama (designada por L\u00f3pez Obrador y Jasm\u00edn Esquivel Mossa (propuesta por L\u00f3pez Obrador).<\/p>\n\n\n\n<p>De esta manera, lo que debemos insistir en aclara a la ciudadan\u00eda es que la batalla dentro del poder judicial fue una batalla ideol\u00f3gica y pol\u00edtica, y la confrontaci\u00f3n implic\u00f3, por un lado, la total y abierta confrontaci\u00f3n pol\u00edtica dentro de la corte, y la inevitable exposici\u00f3n de sus intereses y valoraciones ideol\u00f3gicas.<\/p>\n\n\n\n<p>Quiero aclarar, que independientemente de esas filiaciones, los ministros, jueces y magistrados se deben a la ley, y en esta confrontaci\u00f3n, para los ministros conservadores y neoliberales, la ley qued\u00f3 en segundo plano, e insistieron en hacer prevalecer sus ideolog\u00edas por encima de la ley, y sobre todo, de la Ley suprema, la Constituci\u00f3n Pol\u00edtica de los Estados Unidos Mexicanos.<\/p>\n\n\n\n<p>Como dije en mis participaciones pasadas la oposici\u00f3n conservadora y neoliberal amag\u00f3 con una crisis constitucional logr\u00f3 ensanchar las diferencias pol\u00edticas y jur\u00eddicas entre la oposici\u00f3n y morena, y creyendo tener la raz\u00f3n jur\u00eddica intentaron amedrentar y provocar al gobierno para salir victoriosos de esta lucha tan intensa que se desat\u00f3 despu\u00e9s del triunfo impecable de Claudia Sheinbaum. Sin embargo, aun y en contra de la multimillonaria campa\u00f1a de medios y la exposici\u00f3n p\u00fablica de jueces, trabajadores del poder judicial, magistrados y ministros, el poder judicial se encontr\u00f3 frente a una pared, frente a un dique, frente a la alianza popular ganadora, frente a la alianza del poder ejecutivo y el legislativo. Pero, sobre todo, sin la raz\u00f3n jur\u00eddica a la que debieron atender en primera y m\u00e1xima instancia para normar su criterio y tomar decisiones conforma a derecho.<\/p>\n\n\n\n<p>Hubo varias evidencias que mostraban que ser\u00eda en el terreno de la pol\u00edtica donde se desarrollar\u00eda el desenlace de esta pugna. Las evidencias m\u00e1s notorias, de la derrota del conservadurismo- las podemos observar en la retirada del PAN de los debates y de la conformaci\u00f3n de las comisiones que seleccionar\u00e1n y evaluar\u00e1n a los aspirantes; la salida de Marco Cort\u00e9s del pa\u00eds, para mostrar su desacuerdo con la probable decisi\u00f3n en contra; La negativa de los poderes ejecutivo y legislativo de acatar cualquier resoluci\u00f3n que viole el principio de inatacabilidad de la Constituci\u00f3n; la petici\u00f3n rogada de los lideres de partido a los ministros para que no pospusieran la fecha de la resoluci\u00f3n; la vehemente y cuasi amenazadora posici\u00f3n del PRI en contra de los ministros de la Suprema Corte -llam\u00e1ndoles traidores a aquellos que no votaran o votaran contra el dictamen de Gonz\u00e1lez Alc\u00e1ntara; la declaraci\u00f3n p\u00fablica del presidente del PRI sobre la inminencia de una traici\u00f3n y un traidor en la corte; el paso por el poder legislativo constituyente de la nueva ley de supremac\u00eda constitucional e impugnabilidad de la Constituci\u00f3n; la locura y desesperaci\u00f3n del presidente del PRI, quien hace una escena a gritos al Presidente de la mesa directiva en el senado; el forzamiento, en medios de comunicaci\u00f3n, de la idea de una \u201cpeligrosa\u201d crisis constitucional si no se obedece a la Suprema Corte de Justicia de la Naci\u00f3n, la negativa de la Presidenta Claudia Sheinbaum de proceder v\u00eda juicios pol\u00edticos contra jueces, ministros o magistrados en rebeld\u00eda; la amenaza directa de Jos\u00e9 Ram\u00f3n Coss\u00edo de destituir a Sheinbaum sino acataba el fallo de la corte.<\/p>\n\n\n\n<p>Perdieron la batalla, hicieron todo lo que pol\u00edticamente pudieron, quedaron exhibidos, ante los ojos de la poblaci\u00f3n no son unos h\u00e9roes, sino unos villanos, deslegitimados por su corrupci\u00f3n y servilismo a los intereses m\u00e1s abyectos y contrarios al inter\u00e9s nacional y popular.<\/p>\n\n\n\n<p>Ahora lo que viene ser\u00e1 la elecci\u00f3n de las personas juzgadoras en el pa\u00eds, los primeros se renovar\u00e1n en 2025, la Corte seguir\u00e1 haciendo de dique, aunque cada vez con menos fuerza, Luis Mar\u00eda Aguilar dejar\u00e1 el cargo de ministro en unos cuantos d\u00edas, y lo que queda en la mesa para el gobierno es salir exitoso de las primeras elecciones de los miembros del poder judicial-<\/p>\n\n\n\n<p>Como suelo decir, en pol\u00edtica, la rueda siempre sigue girando, y esto no acaba aqu\u00ed.<\/p>\n","protected":false},"excerpt":{"rendered":"<p>Edgard Gonz\u00e1lez Su\u00e1rez Los poderes que ten\u00edan secuestrado al poder judicial de la era del neoliberalismo fueron derrotados. Una Corte negociada a modo entre el PRI y el PAN durante m\u00e1s de 30 a\u00f1os confirm\u00f3 lo que todos intu\u00edamos, que el poder judicial ni era independiente, ni era neutral, ni era un poder. Si no [&hellip;]<\/p>\n","protected":false},"author":26,"featured_media":164026,"comment_status":"open","ping_status":"open","sticky":false,"template":"","format":"standard","meta":{"_monsterinsights_skip_tracking":false,"_monsterinsights_sitenote_active":false,"_monsterinsights_sitenote_note":"","_monsterinsights_sitenote_category":0,"footnotes":""},"categories":[242],"tags":[702],"class_list":["post-164571","post","type-post","status-publish","format-standard","has-post-thumbnail","hentry","category-macroscopio","tag-edgard-gonzalez-suarez","wp-image-borders"],"amp_enabled":true,"_links":{"self":[{"href":"https:\/\/nvnoticias.mx\/index.php\/wp-json\/wp\/v2\/posts\/164571","targetHints":{"allow":["GET"]}}],"collection":[{"href":"https:\/\/nvnoticias.mx\/index.php\/wp-json\/wp\/v2\/posts"}],"about":[{"href":"https:\/\/nvnoticias.mx\/index.php\/wp-json\/wp\/v2\/types\/post"}],"author":[{"embeddable":true,"href":"https:\/\/nvnoticias.mx\/index.php\/wp-json\/wp\/v2\/users\/26"}],"replies":[{"embeddable":true,"href":"https:\/\/nvnoticias.mx\/index.php\/wp-json\/wp\/v2\/comments?post=164571"}],"version-history":[{"count":1,"href":"https:\/\/nvnoticias.mx\/index.php\/wp-json\/wp\/v2\/posts\/164571\/revisions"}],"predecessor-version":[{"id":164572,"href":"https:\/\/nvnoticias.mx\/index.php\/wp-json\/wp\/v2\/posts\/164571\/revisions\/164572"}],"wp:featuredmedia":[{"embeddable":true,"href":"https:\/\/nvnoticias.mx\/index.php\/wp-json\/wp\/v2\/media\/164026"}],"wp:attachment":[{"href":"https:\/\/nvnoticias.mx\/index.php\/wp-json\/wp\/v2\/media?parent=164571"}],"wp:term":[{"taxonomy":"category","embeddable":true,"href":"https:\/\/nvnoticias.mx\/index.php\/wp-json\/wp\/v2\/categories?post=164571"},{"taxonomy":"post_tag","embeddable":true,"href":"https:\/\/nvnoticias.mx\/index.php\/wp-json\/wp\/v2\/tags?post=164571"}],"curies":[{"name":"wp","href":"https:\/\/api.w.org\/{rel}","templated":true}]}}