{"id":164521,"date":"2024-11-10T10:52:28","date_gmt":"2024-11-10T16:52:28","guid":{"rendered":"https:\/\/nvnoticias.mx\/?p=164521"},"modified":"2024-11-10T10:52:30","modified_gmt":"2024-11-10T16:52:30","slug":"debe-impulsarse-el-comercio-exterior-de-mexico","status":"publish","type":"post","link":"https:\/\/nvnoticias.mx\/index.php\/2024\/11\/10\/debe-impulsarse-el-comercio-exterior-de-mexico\/","title":{"rendered":"Debe impulsarse el comercio exterior de M\u00e9xico"},"content":{"rendered":"\n<p><\/p>\n\n\n\n<p><strong>Jes\u00fas Utrilla &#8211; NV Noticias<\/strong><\/p>\n\n\n\n<p>El Comce Veracruz conf\u00eda en un impulso al comercio exterior con el nuevo gobierno. Jos\u00e9 Luis Valencia Montalvo, director general del Consejo Empresarial Mexicano de Comercio Exterior, Inversi\u00f3n, y Tecnolog\u00eda (Comce) en Veracruz, expres\u00f3 una postura optimista respecto a las perspectivas econ\u00f3micas y comerciales del pa\u00eds, especialmente en lo que respecta a la proyecci\u00f3n internacional de M\u00e9xico. Dijo que el sector empresarial se encuentra atento y con una visi\u00f3n positiva ante los cambios que puedan surgir con el nuevo gobierno.<\/p>\n\n\n\n<p>Destac\u00f3 la postura con el secretario de Econom\u00eda, Marcelo Ebrard, quien muestra disposici\u00f3n favorable hacia el sector empresarial.<\/p>\n\n\n\n<blockquote class=\"wp-block-quote is-layout-flow wp-block-quote-is-layout-flow\">\n<p>\u201cEstamos muy atentos y con una visi\u00f3n positiva de las cosas que vendr\u00e1n. Lo que veo es que hay apertura para seguir impulsando a M\u00e9xico en el extranjero. La posici\u00f3n del nuevo secretario de Econom\u00eda (Marcelo Ebrard) es de apoyar, vincular y tener puertas abiertas para escuchar las problem\u00e1ticas y plantear propuestas de soluci\u00f3n con el sector empresarial\u201d.<\/p>\n<\/blockquote>\n\n\n\n<p>Confi\u00f3 en que el nuevo sexenio sea un periodo de impulso para el comercio exterior que fortalezca la proyecci\u00f3n de M\u00e9xico en los mercados internacionales. Asimismo, enfatiz\u00f3 que el sector empresarial seguir\u00e1 trabajando de manera conjunta con el gobierno, tanto a nivel federal como estatal, con el fin de analizar la evoluci\u00f3n de las pol\u00edticas comerciales y el impacto que tendr\u00e1n en la econom\u00eda del pa\u00eds.<\/p>\n\n\n\n<p>Destac\u00f3 el papel que juega Veracruz en el contexto del comercio exterior ya que el gobierno estatal tambi\u00e9n est\u00e1 comprometido en promover el desarrollo econ\u00f3mico a trav\u00e9s de la atracci\u00f3n de inversiones, lo que posiciona al Estado como un punto clave para el crecimiento del comercio internacional en el pa\u00eds.<\/p>\n\n\n\n<blockquote class=\"wp-block-quote is-layout-flow wp-block-quote-is-layout-flow\">\n<p>\u201cComo la promoci\u00f3n internacional, el posicionamiento del comercio exterior como uno de los ejes para el desarrollo econ\u00f3mico y porque la nueva gobernadora trae en la agenda un puntual trabajo para atraer inversi\u00f3n al Estado de Veracruz\u201d.<\/p>\n<\/blockquote>\n\n\n\n<p>Dijo que durante los pr\u00f3ximos meses se estar\u00e1 evaluando la evoluci\u00f3n de las pol\u00edticas econ\u00f3micas y los mecanismos de promoci\u00f3n internacional que podr\u00edan fortalecerse con la cooperaci\u00f3n entre ambas partes. Destac\u00f3 la importancia de una colaboraci\u00f3n estrecha entre el sector empresarial y las autoridades gubernamentales para generar un entorno propicio para el desarrollo econ\u00f3mico, no solo en Veracruz, sino en todo M\u00e9xico.<\/p>\n","protected":false},"excerpt":{"rendered":"<p>Jes\u00fas Utrilla &#8211; NV Noticias El Comce Veracruz conf\u00eda en un impulso al comercio exterior con el nuevo gobierno. Jos\u00e9 Luis Valencia Montalvo, director general del Consejo Empresarial Mexicano de Comercio Exterior, Inversi\u00f3n, y Tecnolog\u00eda (Comce) en Veracruz, expres\u00f3 una postura optimista respecto a las perspectivas econ\u00f3micas y comerciales del pa\u00eds, especialmente en lo que [&hellip;]<\/p>\n","protected":false},"author":6,"featured_media":164522,"comment_status":"open","ping_status":"open","sticky":false,"template":"","format":"standard","meta":{"_monsterinsights_skip_tracking":false,"_monsterinsights_sitenote_active":false,"_monsterinsights_sitenote_note":"","_monsterinsights_sitenote_category":0,"footnotes":""},"categories":[154],"tags":[19059],"class_list":["post-164521","post","type-post","status-publish","format-standard","has-post-thumbnail","hentry","category-veracruz","tag-comercio-exterior","wp-image-borders"],"amp_enabled":true,"_links":{"self":[{"href":"https:\/\/nvnoticias.mx\/index.php\/wp-json\/wp\/v2\/posts\/164521","targetHints":{"allow":["GET"]}}],"collection":[{"href":"https:\/\/nvnoticias.mx\/index.php\/wp-json\/wp\/v2\/posts"}],"about":[{"href":"https:\/\/nvnoticias.mx\/index.php\/wp-json\/wp\/v2\/types\/post"}],"author":[{"embeddable":true,"href":"https:\/\/nvnoticias.mx\/index.php\/wp-json\/wp\/v2\/users\/6"}],"replies":[{"embeddable":true,"href":"https:\/\/nvnoticias.mx\/index.php\/wp-json\/wp\/v2\/comments?post=164521"}],"version-history":[{"count":1,"href":"https:\/\/nvnoticias.mx\/index.php\/wp-json\/wp\/v2\/posts\/164521\/revisions"}],"predecessor-version":[{"id":164523,"href":"https:\/\/nvnoticias.mx\/index.php\/wp-json\/wp\/v2\/posts\/164521\/revisions\/164523"}],"wp:featuredmedia":[{"embeddable":true,"href":"https:\/\/nvnoticias.mx\/index.php\/wp-json\/wp\/v2\/media\/164522"}],"wp:attachment":[{"href":"https:\/\/nvnoticias.mx\/index.php\/wp-json\/wp\/v2\/media?parent=164521"}],"wp:term":[{"taxonomy":"category","embeddable":true,"href":"https:\/\/nvnoticias.mx\/index.php\/wp-json\/wp\/v2\/categories?post=164521"},{"taxonomy":"post_tag","embeddable":true,"href":"https:\/\/nvnoticias.mx\/index.php\/wp-json\/wp\/v2\/tags?post=164521"}],"curies":[{"name":"wp","href":"https:\/\/api.w.org\/{rel}","templated":true}]}}