{"id":16451,"date":"2021-06-17T10:24:44","date_gmt":"2021-06-17T15:24:44","guid":{"rendered":"https:\/\/nvnoticias.mx\/?p=16451"},"modified":"2021-06-17T10:24:45","modified_gmt":"2021-06-17T15:24:45","slug":"farsa-electoral","status":"publish","type":"post","link":"https:\/\/nvnoticias.mx\/index.php\/2021\/06\/17\/farsa-electoral\/","title":{"rendered":"Farsa electoral"},"content":{"rendered":"\n<blockquote class=\"wp-block-quote has-text-align-right is-layout-flow wp-block-quote-is-layout-flow\"><p><em>Cuando los principios del gobierno llegan a estar<\/em> <em>corrompidos, las mejores leyes resultan malas<\/em> <em>y se vuelven contra el Estado.<\/em><\/p><cite><em>Montesquieu<\/em><\/cite><\/blockquote>\n\n\n\n<p>Hay que reconocerle un don al Presidente de M\u00e9xico, la de ser un certero pitoniso. En septiembre de 2016 dijo: \u201cUsan el dinero para comprar lealtades y enga\u00f1an. Compran votos, trafican con la pobreza de la gente (\u2026) y por eso pueden postular a una vaca o a un burro y gana (\u2026) y son los mismos fulanos y menganos. Puercos y cochinos; cerdos y marranos\u201d.<\/p>\n\n\n\n<p>Me es dif\u00edcil encontrar palabras que con mayor precisi\u00f3n describan lo acontecido en las recientes elecciones. Habr\u00e1 que agregar que tambi\u00e9n fue el d\u00eda en que se mat\u00f3 a la esperanza, si es que a\u00fan exist\u00eda, que en su momento fue la entelequia de partido que nos gobierna. Record\u00e9 las palabras de Jos\u00e9 Vasconcelos: \u201cTremenda responsabilidad haber despertado en vano la esperanza\u201d.<\/p>\n\n\n\n<p>Disculpe amable lector si trasmito un profundo malestar por lo que estamos viviendo, pero le suplico su benevolencia para quienes, con una buena dosis de ingenuidad, la cual es precondici\u00f3n de la \u00e9tica, fuimos candidatos opositores en el pasado proceso electoral.<\/p>\n\n\n\n<p>Me considero un parlamentario profesional, lo cual acredito fehacientemente, algo poco frecuente en nuestro pa\u00eds. He luchado siempre por la dignidad del Poder Legislativo y por elevar el nivel cultural del debate. Sostengo que no puede haber una buena pol\u00edtica sin una buena deliberaci\u00f3n en los \u00f3rganos colegiados, sean de reg\u00edmenes parlamentarios o presidenciales.<\/p>\n\n\n\n<p>Las funciones m\u00e1s importantes de las c\u00e1maras, cortes, dumas o como se llamen, son controlar el ejercicio del poder y amortiguar los conflictos pol\u00edticos. El Congreso de Estados Unidos cumpli\u00f3 esas tareas en la embestida m\u00e1s peligrosa a la democracia en toda su historia. En Israel ha sido factor esencial de equilibrio, por s\u00f3lo mencionar dos casos recientes. Jes\u00fas Reyes Heroles sol\u00eda decir que mientras m\u00e1s se discut\u00eda en los recintos institucionales, menos conflictos se daban en la sociedad.<\/p>\n\n\n\n<p>En M\u00e9xico estamos viviendo un proceso de desmantelamiento del Estado de derecho que ya de por s\u00ed era endeble, o bien una desconsolidaci\u00f3n de nuestra democracia mediante dos v\u00edas: la extinci\u00f3n de las instituciones, como el Seguro Popular, los fideicomisos, y la de hacerlas inservibles, como la CNDH o la CRE. Respecto a la C\u00e1mara de Diputados, se opt\u00f3 por la segunda.<\/p>\n\n\n\n<p>A pesar de lo mucho que se pueda criticar al sistema que tuvimos el siglo pasado, hab\u00eda legisladores que correspond\u00edan a un perfil para defender ideas y pol\u00edticas, tanto del partido en el poder, como de la oposici\u00f3n. \u00c9se, evidentemente, no es el prop\u00f3sito de L\u00f3pez Obrador. La 4T no es defendible, \u00e9l lo sabe y tambi\u00e9n sabe que no cuenta con legisladores medianamente preparados para ello. Por lo tanto, ha decidido ahogar toda discusi\u00f3n p\u00fablica. \u00bfPara qu\u00e9 confrontar ideas si las suyas son las \u00fanicas, seg\u00fan \u00e9l, que benefician al pueblo?<\/p>\n\n\n\n<p>Su instrucci\u00f3n fue tajante: hagan todo lo necesario para ganar, sobre todo en su estado natal donde no permite disidencia alguna. La Secretar\u00eda de Bienestar&nbsp; se convirti\u00f3 en la \u201cSecretar\u00eda de la Corrupci\u00f3n Social\u201d y los servidores de la saci\u00f3n en \u201ccorruptores de la naci\u00f3n\u201d.<\/p>\n\n\n\n<p>Una acotaci\u00f3n final. Mi respeto y admiraci\u00f3n para los consejeros del INE. Sin ellos las haza\u00f1as de inmoralidad hubieran sido m\u00e1s eficaces. Creo que hay una falla en nuestro sistema jur\u00eddico. Somos el \u00fanico pa\u00eds en el mundo en que el derecho electoral se ha entendido como derecho privado. La autoridad solamente act\u00faa a petici\u00f3n de parte y no de oficio. Es pat\u00e9tico el papel del titular de la Fepade, Jos\u00e9 Agust\u00edn Ortiz Pinchetti, un hombre que toda su vida se ostent\u00f3 como dem\u00f3crata viene a concluirla como c\u00f3mplice de un brutal atropello a la voluntad ciudadana.<\/p>\n\n\n\n<p>Y nuevamente la interrogante que cercena nuestra abrumada vida cotidiana: \u00bfqu\u00e9 hacer? De eso precisamente, abusando de su paciencia, seguiremos ocup\u00e1ndonos.<\/p>\n","protected":false},"excerpt":{"rendered":"<p>Cuando los principios del gobierno llegan a estar corrompidos, las mejores leyes resultan malas y se vuelven contra el Estado. Montesquieu Hay que reconocerle un don al Presidente de M\u00e9xico, la de ser un certero pitoniso. En septiembre de 2016 dijo: \u201cUsan el dinero para comprar lealtades y enga\u00f1an. Compran votos, trafican con la pobreza [&hellip;]<\/p>\n","protected":false},"author":17,"featured_media":10103,"comment_status":"open","ping_status":"open","sticky":false,"template":"","format":"standard","meta":{"_monsterinsights_skip_tracking":false,"_monsterinsights_sitenote_active":false,"_monsterinsights_sitenote_note":"","_monsterinsights_sitenote_category":0,"footnotes":""},"categories":[614],"tags":[397],"class_list":["post-16451","post","type-post","status-publish","format-standard","has-post-thumbnail","hentry","category-politica-de-principios","tag-juan-jose-rodriguez-prats-2","wp-image-borders"],"amp_enabled":true,"_links":{"self":[{"href":"https:\/\/nvnoticias.mx\/index.php\/wp-json\/wp\/v2\/posts\/16451","targetHints":{"allow":["GET"]}}],"collection":[{"href":"https:\/\/nvnoticias.mx\/index.php\/wp-json\/wp\/v2\/posts"}],"about":[{"href":"https:\/\/nvnoticias.mx\/index.php\/wp-json\/wp\/v2\/types\/post"}],"author":[{"embeddable":true,"href":"https:\/\/nvnoticias.mx\/index.php\/wp-json\/wp\/v2\/users\/17"}],"replies":[{"embeddable":true,"href":"https:\/\/nvnoticias.mx\/index.php\/wp-json\/wp\/v2\/comments?post=16451"}],"version-history":[{"count":2,"href":"https:\/\/nvnoticias.mx\/index.php\/wp-json\/wp\/v2\/posts\/16451\/revisions"}],"predecessor-version":[{"id":16453,"href":"https:\/\/nvnoticias.mx\/index.php\/wp-json\/wp\/v2\/posts\/16451\/revisions\/16453"}],"wp:featuredmedia":[{"embeddable":true,"href":"https:\/\/nvnoticias.mx\/index.php\/wp-json\/wp\/v2\/media\/10103"}],"wp:attachment":[{"href":"https:\/\/nvnoticias.mx\/index.php\/wp-json\/wp\/v2\/media?parent=16451"}],"wp:term":[{"taxonomy":"category","embeddable":true,"href":"https:\/\/nvnoticias.mx\/index.php\/wp-json\/wp\/v2\/categories?post=16451"},{"taxonomy":"post_tag","embeddable":true,"href":"https:\/\/nvnoticias.mx\/index.php\/wp-json\/wp\/v2\/tags?post=16451"}],"curies":[{"name":"wp","href":"https:\/\/api.w.org\/{rel}","templated":true}]}}