{"id":164446,"date":"2024-11-09T07:58:19","date_gmt":"2024-11-09T13:58:19","guid":{"rendered":"https:\/\/nvnoticias.mx\/?p=164446"},"modified":"2024-11-09T07:58:21","modified_gmt":"2024-11-09T13:58:21","slug":"alcalde-y-andy-el-derecho-admision-en-veracruz","status":"publish","type":"post","link":"https:\/\/nvnoticias.mx\/index.php\/2024\/11\/09\/alcalde-y-andy-el-derecho-admision-en-veracruz\/","title":{"rendered":"Alcalde y &#8220;Andy&#8221;, el &#8220;derecho admisi\u00f3n&#8221; en Veracruz&#8230;"},"content":{"rendered":"\n<p><\/p>\n\n\n\n<p><strong>Ricardo Chua<\/strong><\/p>\n\n\n\n<p>&#8220;Garganta Profunda&#8221; hizo \u00e9nfasis de que en su visita de hoy que hacen a Veracruz.. La dirigencia nacional de MORENA encabezada por &#8220;Andy&#8221; L\u00f3pez Beltr\u00e1n y Luisa Mar\u00eda Alcalde vienen a PONER EN CLARO de que en ese partido.. Se acab\u00f3 esa &#8220;frase&#8221; de que &#8220;En Morena se reservan el derecho de admisi\u00f3n&#8221; para que alg\u00fan ciudadano que desea ser parte del Movimiento de la 4T, sea aceptado por autoridades o dirigentes estatales afiliados a ese partido..<\/p>\n\n\n\n<p>Los mayores reclamos que ha tenido L\u00f3pez Beltr\u00e1n y la propia Alcalde Luj\u00e1n, desde que llegaron a la presidencia nacional de MORENA, ha sido ese.. De que en los estados, los pol\u00edticos locales que tienen en su poder al partido y no se diga los gobernadores\u2026 Aplican eso del &#8220;derecho de admisi\u00f3n&#8221;.. Algo inaudito para un partido de izquierda, que presuntamente promueve y respeta la participaci\u00f3n pol\u00edtica ciudadana.. No importando si tuvieron un &#8220;pasado&#8221; en un distinto partido pol\u00edtico..<\/p>\n\n\n\n<p>Nos cuenta &#8220;Garganta Profunda&#8221; que esto ser\u00e1 parte del discurso que tenga Luisa Alcalde.. Donde dejar\u00e1 en claro que en &#8220;MORENA todos son bienvenidos y no hay nada de eso del derecho de admisi\u00f3n&#8221;.. Y que si esa persona la &#8220;juega&#8221; por la 4T, entonces, nadie tendr\u00e1 porque criticar sus acciones pasadas en sus participaciones pol\u00edticas.. Si ese ciudadano se ha dado cuenta que ya &#8220;est\u00e1 del lado correcto de la historia&#8221;.. Y que eso ya es la pol\u00edtica que practicar\u00e1 MORENA desde su dirigencia nacional hac\u00eda los Estado.. PESE A QUI\u00c9N LE PESE..<\/p>\n\n\n\n<p>Seg\u00fan la informaci\u00f3n obtenida.. Se dice que desde hace varios d\u00edas el comit\u00e9 estatal de MORENA quiere saber cu\u00e1l ser\u00eda la t\u00f3nica del discurso de Luisa Mar\u00eda Alcalde y comentan que desde el CEN les han dicho: &#8220;Y t\u00fa nieve, de qu\u00e9 la quieres&#8221;.. Ya que en el comit\u00e9 nacional tienen claro que en algunas entidades, donde arrasaron en la elecci\u00f3n federal y local del pasado 2 de junio.. Muchos de esos triunfos fueron logrados por la ayuda de personajes externos a su partido, que antes eran sus adversarios y ahora son sus aliados..<\/p>\n\n\n\n<p>Motivo por el cual, ahora que lo tienen todo en MORENA no quieren caer en los errores o vicios del PRI o PAN.. Que al sentirse fuertes empezaron a denostar y despreciar personajes que a la larga, despu\u00e9s le &#8220;jugaron&#8221; las contras y provocaron sendas derrotas electorales porque se fueron a operar a otros partidos.. -Andy- sabe bien que los pr\u00f3ximos a\u00f1os, le ser\u00e1n muy dif\u00edciles a la administraci\u00f3n p\u00fablica encabezada por MORENA y no quieren desde ahorita crear incisiones que puedan afectar al proyecto de la 4T en 2027 y 2030..<\/p>\n\n\n\n<p>Por eso, &#8220;Garganta Profunda&#8221; confi\u00f3 que tienen informaci\u00f3n de que tanto Alcalde como -Andy- vendr\u00e1n hacer que si en el comit\u00e9 estatal de MORENA.. Contin\u00faan con ese asunto de &#8220;Reservarse el Derecho de Admisi\u00f3n&#8221;, pues, no les quedar\u00e1 de otra a los Morenos Jarochos, que meterle de reversa al tema.. Ya que la dirigencia nacional &#8220;tiene otros datos&#8221;.. Ser\u00e1 por eso que el senador, Manuel Huerta arremeti\u00f3 en contra del l\u00edder estatal de MORENA, Esteban Ram\u00edrez Zepeta.. En pol\u00edtica, las coincidencias no existen..<\/p>\n\n\n\n<p>OJO.. S\u00f3lo recuerden que en Veracruz, uno de los pocos pol\u00edticos jarochos de la 4T, que tiene verdadera cercan\u00eda con los L\u00f3pez Beltr\u00e1n, tanto con Gonzalo como con -Andy-, es el ex dirigente estatal y ahora senador, Manuel Huerta Ladr\u00f3n de Guevara.. Mucho m\u00e1s cercan\u00eda que el propio Cuitl\u00e1huac Garc\u00eda.. S\u00f3lo compitiendo con el acercamiento con la gobernadora electa, Roc\u00edo Nahle.. Pero -Andy- ve a Nahle como parte de su proyecto.. Quiz\u00e1s por eso, Huerta se solt\u00f3 contra Zepeta.. Huerta los conoce bien a los L\u00f3pez y a los Cuitl\u00e1huac..<\/p>\n\n\n\n<p>As\u00ed que no duden, que hoy s\u00e1bado en el &#8220;World Trade Center&#8221; de Boca del R\u00edo, vuelvan a escuchar a Luisa Mar\u00eda Alcalde, su discurso que hizo \u00e9nfasis hace apenas unas semanas en su gira por Nuevo Le\u00f3n.. Donde se\u00f1ala que &#8220;nuevos aires&#8221; se van a &#8220;respirar&#8221; en MORENA y que todo aquel personaje que se adhiera a la 4T, no le aplicar\u00e1n el &#8220;derecho de admisi\u00f3n&#8221; porque \u00e9l es parte del movimiento como lo son los fundadores.. No hay que buscarle mucho.. Donde manda &#8220;Capit\u00e1n Andy&#8221; no gobierna un &#8220;marinero&#8221; aunque est\u00e9n en Veracruz.. AMEN..<\/p>\n\n\n\n<p>REFLEXI\u00d3N.. -Andy- L\u00f3pez Beltr\u00e1n se encuentra &#8220;armando&#8221; su proyecto para el 2030.. Puede que en el 2027 sea diputado federal plurinominal.. Lo cual ser\u00eda sin problema y se convertir\u00eda en el l\u00edder de esa bancada de MORENA.. Para de ah\u00ed &#8220;saltar&#8221; a la candidatura presidencial de su partido.. Pero sabe que cada a\u00f1o que pase le ser\u00e1 m\u00e1s dif\u00edcil tener las &#8220;facilidades&#8221; que tuvo Claudia Sheinbaum en 2024 para ganar.. Por eso, tiene que ir &#8220;tejiendo&#8221; sus alianzas y con pol\u00edticos que puedan ser &#8220;c\u00f3mplices&#8221; de su proyecto..<\/p>\n\n\n\n<p>Si algo sabe -Andy- que esos pol\u00edticos, los que m\u00e1s dan resultados en campa\u00f1a, son esos a los que la militancia mira con recelo por su pasado priista y algunos panistas.. Por haber sido parte de gobiernos que atacaron a MORENA o porque se enfrentaron con todo a su pap\u00e1, Andr\u00e9s Manuel L\u00f3pez Obrador.. Pero, eso qued\u00f3 en el pasado.. Los tiempos de cambio vienen y el relevo generacional tambi\u00e9n y L\u00f3pez Beltr\u00e1n sabe que no puede &#8220;heredar&#8221; los odios de su pap\u00e1.. Adelante siempre est\u00e1 el proyecto, que la persona.. EL QUE ENTENDI\u00d3, LO ENTENDI\u00d3<\/p>\n","protected":false},"excerpt":{"rendered":"<p>Ricardo Chua &#8220;Garganta Profunda&#8221; hizo \u00e9nfasis de que en su visita de hoy que hacen a Veracruz.. La dirigencia nacional de MORENA encabezada por &#8220;Andy&#8221; L\u00f3pez Beltr\u00e1n y Luisa Mar\u00eda Alcalde vienen a PONER EN CLARO de que en ese partido.. Se acab\u00f3 esa &#8220;frase&#8221; de que &#8220;En Morena se reservan el derecho de admisi\u00f3n&#8221; [&hellip;]<\/p>\n","protected":false},"author":29,"featured_media":164447,"comment_status":"open","ping_status":"open","sticky":false,"template":"","format":"standard","meta":{"_monsterinsights_skip_tracking":false,"_monsterinsights_sitenote_active":false,"_monsterinsights_sitenote_note":"","_monsterinsights_sitenote_category":0,"footnotes":""},"categories":[245],"tags":[327],"class_list":["post-164446","post","type-post","status-publish","format-standard","has-post-thumbnail","hentry","category-dialogos-de-poder","tag-ricardo-chua","wp-image-borders"],"amp_enabled":true,"_links":{"self":[{"href":"https:\/\/nvnoticias.mx\/index.php\/wp-json\/wp\/v2\/posts\/164446","targetHints":{"allow":["GET"]}}],"collection":[{"href":"https:\/\/nvnoticias.mx\/index.php\/wp-json\/wp\/v2\/posts"}],"about":[{"href":"https:\/\/nvnoticias.mx\/index.php\/wp-json\/wp\/v2\/types\/post"}],"author":[{"embeddable":true,"href":"https:\/\/nvnoticias.mx\/index.php\/wp-json\/wp\/v2\/users\/29"}],"replies":[{"embeddable":true,"href":"https:\/\/nvnoticias.mx\/index.php\/wp-json\/wp\/v2\/comments?post=164446"}],"version-history":[{"count":1,"href":"https:\/\/nvnoticias.mx\/index.php\/wp-json\/wp\/v2\/posts\/164446\/revisions"}],"predecessor-version":[{"id":164448,"href":"https:\/\/nvnoticias.mx\/index.php\/wp-json\/wp\/v2\/posts\/164446\/revisions\/164448"}],"wp:featuredmedia":[{"embeddable":true,"href":"https:\/\/nvnoticias.mx\/index.php\/wp-json\/wp\/v2\/media\/164447"}],"wp:attachment":[{"href":"https:\/\/nvnoticias.mx\/index.php\/wp-json\/wp\/v2\/media?parent=164446"}],"wp:term":[{"taxonomy":"category","embeddable":true,"href":"https:\/\/nvnoticias.mx\/index.php\/wp-json\/wp\/v2\/categories?post=164446"},{"taxonomy":"post_tag","embeddable":true,"href":"https:\/\/nvnoticias.mx\/index.php\/wp-json\/wp\/v2\/tags?post=164446"}],"curies":[{"name":"wp","href":"https:\/\/api.w.org\/{rel}","templated":true}]}}